{"id":1070,"date":"2017-11-10T23:19:36","date_gmt":"2017-11-10T22:19:36","guid":{"rendered":"http:\/\/kicinlen.pl\/?p=1070"},"modified":"2017-11-10T23:19:36","modified_gmt":"2017-11-10T22:19:36","slug":"petycja-przeciw-probom-zmniejszania-otuliny","status":"publish","type":"post","link":"https:\/\/kicinlen.pl\/?p=1070","title":{"rendered":"Petycja przeciw pr\u00f3bom zmniejszania otuliny!"},"content":{"rendered":"<p><strong>Pety\u00adcja do wia\u00addo\u00admo\u00ad\u015bci orga\u00adn\u00f3w publicz\u00adnych, powia\u00adto\u00adwych, woje\u00adw\u00f3dz\u00adkich i&nbsp;kra\u00adjo\u00adwych, samo\u00adrz\u0105\u00addo\u00adwych gmi\u00adny Czer\u00adwo\u00adnak i&nbsp;Swa\u00adrz\u0119dz, Rad\u00adnych Sej\u00admi\u00adku Woje\u00adw\u00f3dz\u00adtwa Wiel\u00adko\u00adpol\u00adskie\u00adgo, Pos\u0142\u00f3w i&nbsp;Sena\u00adto\u00adr\u00f3w, Pre\u00adze\u00adsa Rady Mini\u00adstr\u00f3w, Pro\u00adku\u00adra\u00adto\u00adra Gene\u00adral\u00adne\u00adgo, Woje\u00adwo\u00addy Wiel\u00adko\u00adpol\u00adskie\u00adgo, Sta\u00adro\u00adsty Pozna\u0144\u00adskie\u00adgo, Komen\u00addy Miej\u00adskiej Poli\u00adcji w&nbsp;Pozna\u00adniu, Cen\u00adtral\u00adne\u00adgo Biu\u00adra Anty\u00adko\u00adrup\u00adcyj\u00adne\u00adgo, RDO\u015a w&nbsp;Pozna\u00adniu, GDO\u015a, WIO\u015a w&nbsp;Pozna\u00adniu, Naj\u00adwy\u017c\u00adszej Izby Kontroli.<\/strong><\/p>\n<p>&nbsp;<\/p>\n<p>&nbsp;<\/p>\n<p>My, ni\u017cej pod\u00adpi\u00adsa\u00adni miesz\u00adka\u0144\u00adcy Jani\u00adko\u00adwa, Kici\u00adna i&nbsp;oko\u00adlic <strong>sta\u00adnow\u00adczo pro\u00adte\u00adstu\u00adje\u00admy prze\u00adciw\u00adko pr\u00f3\u00adbom zmniej\u00adsze\u00adnia otu\u00adli\u00adny Par\u00adku Kra\u00adjo\u00adbra\u00adzo\u00adwe\u00adgo Pusz\u00adcza Zie\u00adlon\u00adka<\/strong> podej\u00admo\u00adwa\u00adnym przez w\u0142a\u00addze gmi\u00adny Swarz\u0119dz.<\/p>\n<p>&nbsp;<\/p>\n<p>Uchwa\u00ad\u0142a Rady Gmi\u00adny Swa\u00adrz\u0119dz z&nbsp;24 pa\u017a\u00addzier\u00adni\u00adka 2017 roku wzy\u00adwa\u00adj\u0105\u00adca Sej\u00admik Woje\u00adw\u00f3dz\u00adtwa Wiel\u00adko\u00adpol\u00adskie\u00adgo do prze\u00adsu\u00adni\u0119\u00adcia gra\u00adnic tere\u00adnu chro\u00adnio\u00adne\u00adgo <strong>jest pr\u00f3\u00adb\u0105 zale\u00adga\u00adli\u00adzo\u00adwa\u00adnia skut\u00adk\u00f3w co naj\u00admniej b\u0142\u0119d\u00adnych (a mo\u017ce i&nbsp;prze\u00adst\u0119p\u00adczych)<\/strong> dzia\u00ad\u0142a\u0144 poprzed\u00adnich w\u0142adz gmi\u00adny, w&nbsp;wyni\u00adku kt\u00f3\u00adrych na tere\u00adnie otu\u00adli\u00adny Pusz\u00adczy Zie\u00adlon\u00adka, obsza\u00adrze obj\u0119\u00adtym usta\u00adwo\u00adwo ochro\u00adn\u0105 kra\u00adjo\u00adbra\u00adzo\u00adw\u0105 i&nbsp;sta\u00adno\u00adwi\u0105\u00adcym kory\u00adtarz migra\u00adcyj\u00adny dla zwie\u00adrz\u0105t, powsta\u00ad\u0142a gigan\u00adtycz\u00adna hala maga\u00adzy\u00adno\u00adwa z&nbsp;cz\u0119\u00ad\u015bci\u0105 biu\u00adro\u00adw\u0105 fir\u00admy&nbsp;Bros.<\/p>\n<p>&nbsp;<\/p>\n<p>Od pocz\u0105t\u00adku sprze\u00adci\u00adwia\u00adli\u00ad\u015bmy si\u0119 loka\u00adli\u00adzo\u00adwa\u00adniu tej gigan\u00adtycz\u00adnej inwe\u00adsty\u00adcji, kt\u00f3\u00adrej ska\u00adla zagra\u00ad\u017ca\u00ad\u0142a degra\u00adda\u00adcji tere\u00adn\u00f3w obj\u0119\u00adtych ochro\u00adn\u0105 ze wzgl\u0119\u00addu na ich walo\u00adry przy\u00adrod\u00adni\u00adczo-kra\u00adjo\u00adbra\u00adzo\u00adwe. Dodat\u00adko\u00adwo, rodzaj pla\u00adno\u00adwa\u00adnej przez inwe\u00adsto\u00adra dzia\u00ad\u0142al\u00adno\u00ad\u015bci kla\u00adsy\u00adfi\u00adko\u00adwa\u00adnej jako zak\u0142ad stwa\u00adrza\u00adj\u0105\u00adcy ryzy\u00adko wyst\u0105\u00adpie\u00adnia powa\u017c\u00adnej awa\u00adrii prze\u00admy\u00ads\u0142o\u00adwej, sta\u00adno\u00adwi\u0142 mo\u017c\u00adli\u00adwe zagro\u00ad\u017ce\u00adnie nie tyl\u00adko dla oko\u00adlicz\u00adnych miesz\u00adka\u0144\u00adc\u00f3w (z doku\u00admen\u00adta\u00adcji inwe\u00adsto\u00adra wyni\u00adka, \u017ce by\u0142\u00adby to obszar le\u017c\u0105\u00adcy w&nbsp;pro\u00admie\u00adniu 800. metr\u00f3w wok\u00f3\u0142 inwe\u00adsty\u00adcji, czy\u00adli 200. hek\u00adta\u00adr\u00f3w tere\u00adn\u00f3w), ale tak\u00ad\u017ce dla dzie\u00adci ucz\u0105\u00adcych si\u0119 w&nbsp;po\u0142o\u00ad\u017co\u00adnej nie\u00adda\u00adle\u00adko szko\u00adle pod\u00adsta\u00adwo\u00adwej, czy cen\u00adne\u00adgo, zabyt\u00adko\u00adwe\u00adgo ko\u015bcio\u00ad\u0142a w&nbsp;Kici\u00adnie le\u017c\u0105\u00adce\u00adgo na s\u0142yn\u00adnym \u201eSzla\u00adku ko\u015bcio\u00ad\u0142\u00f3w drew\u00adnia\u00adnych wok\u00f3\u0142 Pusz\u00adczy Zie\u00adlon\u00adka\u201d. Spo\u00ads\u00f3b pro\u00adwa\u00addze\u00adnia post\u0119\u00adpo\u00adwa\u0144 admi\u00adni\u00adstra\u00adcyj\u00adnych ur\u0105\u00adga\u0142 nato\u00admiast jakim\u00adkol\u00adwiek nor\u00admom wsp\u00f3\u0142\u00addzia\u00ad\u0142a\u00adnia z&nbsp;i ws\u0142u\u00adchi\u00adwa\u00adnia si\u0119 w&nbsp;g\u0142os lokal\u00adnej spo\u00ad\u0142ecz\u00adno\u00ad\u015bci. Bul\u00adwer\u00adsu\u00adj\u0105\u00adcym jest tak\u00ad\u017ce fakt, \u017ce budo\u00adwa hali o&nbsp;powierzch\u00adni ponad 48 tys. m2 odby\u00ad\u0142a si\u0119 z&nbsp;pogwa\u0142\u00adce\u00adniem zasad bez\u00adpie\u00adcze\u0144\u00adstwa na dro\u00addze nie\u00addo\u00adsto\u00adso\u00adwa\u00adnej do obs\u0142u\u00adgi inwe\u00adsty\u00adcji pojaz\u00adda\u00admi ci\u0119\u00ad\u017ca\u00adro\u00adwy\u00admi, za przy\u00adzwo\u00adle\u00adniem i&nbsp;wie\u00addz\u0105 w\u0142adz w&nbsp;Swarz\u0119dzu.<\/p>\n<p>&nbsp;<\/p>\n<p>Nie\u00adste\u00adty nasze sta\u00adra\u00adnia nie zapo\u00adbie\u00adg\u0142y budo\u00adwie kil\u00adku\u00adhek\u00adta\u00adro\u00adwe\u00adgo kolo\u00adsa na tere\u00adnie chro\u00adnio\u00adnym. Zar\u00f3w\u00adno inwe\u00adstor, jak i&nbsp;kolej\u00adne insty\u00adtu\u00adcje pod\u00adtrzy\u00admy\u00adwa\u00ad\u0142y absur\u00addal\u00adn\u0105 argu\u00admen\u00adta\u00adcj\u0119 inwe\u00adsto\u00adra oraz opi\u00adni\u0119 gmi\u00adny Swa\u00adrz\u0119dz, \u017ce inwe\u00adsty\u00adcja nie spo\u00adwo\u00addu\u00adje szk\u00f3d w&nbsp;\u015bro\u00addo\u00adwi\u00adsku, a&nbsp;zasi\u0119g jej oddzia\u00ad\u0142y\u00adwa\u00adnia nie prze\u00adkro\u00adczy nawet gra\u00adnic tere\u00adn\u00f3w nale\u00ad\u017c\u0105\u00adcych do fir\u00admy Bros. Po kil\u00adku\u00adlet\u00adnich bata\u00adliach s\u0105do\u00adwych uda\u00ad\u0142o si\u0119 nam si\u0119 dopro\u00adwa\u00addzi\u0107 do <strong>unie\u00adwa\u017c\u00adnie\u00adnia miej\u00adsco\u00adwe\u00adgo pla\u00adnu zago\u00adspo\u00adda\u00adro\u00adwa\u00adnia prze\u00adstrzen\u00adne\u00adgo<\/strong>, jed\u00adnak\u00ad\u017ce deter\u00admi\u00adna\u00adcja inwe\u00adsto\u00adra nie\u00adzwa\u00ad\u017ca\u00adj\u0105\u00adce\u00adgo na \u015bro\u00addo\u00adwi\u00adsko, miesz\u00adka\u0144\u00adc\u00f3w i&nbsp;prze\u00adpi\u00adsy dopro\u00adwa\u00addzi\u00ad\u0142a do powsta\u00adnia ogrom\u00adnej hali. Tym samym zde\u00adgra\u00addo\u00adwa\u00adno kra\u00adjo\u00adbraz, znisz\u00adczo\u00adno jeden z&nbsp;dw\u00f3ch pag\u00f3r\u00adk\u00f3w more\u00adno\u00adwych wyst\u0119\u00adpu\u00adj\u0105\u00adcych w&nbsp;oko\u00adli\u00adcy oraz zabu\u00adrzo\u00adno uk\u0142ad wod\u00adny, co aktu\u00adal\u00adnie skut\u00adku\u00adje noto\u00adrycz\u00adnym zale\u00adwa\u00adniem tere\u00adn\u00f3w s\u0105sia\u00addu\u00adj\u0105\u00adcych, w&nbsp;tym dro\u00adgi. Wyli\u00adcza\u00adnie nega\u00adtyw\u00adnych skut\u00adk\u00f3w inwe\u00adsty\u00adcji jest w&nbsp;zasa\u00addzie bez\u00adprzed\u00admio\u00adto\u00adwe, sko\u00adro obec\u00adne w\u0142a\u00addze Swa\u00adrz\u0119\u00addza same argu\u00admen\u00adtu\u00adj\u0105 w&nbsp;pod\u00adj\u0119\u00adtej uchwa\u00adle, i\u017c rejon ten \u201ebez\u00adpow\u00adrot\u00adnie utra\u00adci\u0142 war\u00adto\u00ad\u015bci przy\u00adrod\u00adni\u00adcze i&nbsp;walo\u00adry kul\u00adtu\u00adro\u00adwe\u201d. Przy\u00adzna\u00adj\u0105 zatem wprost, \u017ce zastrze\u00ad\u017ce\u00adnia i&nbsp;uwa\u00adgi oby\u00adwa\u00adte\u00adli, lek\u00adce\u00adwa\u00ad\u017co\u00adne przez ich poprzed\u00adni\u00adk\u00f3w, by\u0142y abso\u00adlut\u00adnie zasad\u00adne i&nbsp;powin\u00adny by\u0107 wzi\u0119\u00adte pod roz\u00adwa\u00adg\u0119 przy wyda\u00adwa\u00adniu kon\u00adtro\u00adwer\u00adsyj\u00adnych decyzji.<\/p>\n<p>&nbsp;<\/p>\n<p>Nie\u00adste\u00adty, w\u0142a\u00addze Swa\u00adrz\u0119\u00addza nie\u00adnau\u00adczo\u00adne do\u015bwiad\u00adcze\u00adniem \u2013 zamiast w&nbsp;inte\u00adre\u00adsie miesz\u00adka\u0144\u00adc\u00f3w i&nbsp;\u015bro\u00addo\u00adwi\u00adska pr\u00f3\u00adbo\u00adwa\u0107 napra\u00adwi\u0107 wyrz\u0105\u00addzo\u00adne szko\u00addy oraz prze\u00adana\u00adli\u00adzo\u00adwa\u0107, czy dosz\u0142o do pope\u0142\u00adnie\u00adnia prze\u00adst\u0119p\u00adstwa wobec \u015bro\u00addo\u00adwi\u00adska \u2013 zabie\u00adga\u00adj\u0105 obec\u00adnie o&nbsp;zale\u00adga\u00adli\u00adzo\u00adwa\u00adnie doko\u00adna\u00adnych znisz\u00adcze\u0144 na obsza\u00adrze chro\u00adnio\u00adnym. Co wi\u0119\u00adcej, zamiast obj\u0105\u0107 ochro\u00adn\u0105 tere\u00adny, kt\u00f3\u00adre nie zosta\u00ad\u0142y jesz\u00adcze zde\u00adgra\u00addo\u00adwa\u00adne, wnio\u00adsku\u00adj\u0105c o&nbsp;prze\u00adsu\u00adni\u0119\u00adcie gra\u00adnic otu\u00adli\u00adny, zamie\u00adrza\u00adj\u0105 dodat\u00adko\u00adwo zmniej\u00adszy\u0107 obszar chro\u00adnio\u00adny o&nbsp;dodat\u00adko\u00adwe kil\u00adka\u00addzie\u00adsi\u0105t hek\u00adta\u00adr\u00f3w. Unie\u00admo\u017c\u00adli\u00adwia\u00adj\u0105 tak\u00ad\u017ce wypo\u00adwie\u00addze\u00adnie si\u0119 miesz\u00adka\u0144\u00adcom na temat w\u0142a\u00adsnych pro\u00adpo\u00adzy\u00adcji, wpro\u00adwa\u00addza\u00adj\u0105c na obra\u00addy rady gmi\u00adny pro\u00adjekt uchwa\u00ad\u0142y bez prze\u00adwi\u00addzia\u00adnych sta\u00adtu\u00adto\u00adwo procedur.<\/p>\n<p><strong>&nbsp;<\/strong><\/p>\n<p>Jako \u015bwia\u00addo\u00admi swych praw wybor\u00adcy i&nbsp;oby\u00adwa\u00adte\u00adle, kt\u00f3\u00adrym na ser\u00adcu le\u017cy \u015bro\u00addo\u00adwi\u00adsko oraz dobro naszej \u201ema\u0142ej Ojczy\u00adzny\u201d doma\u00adga\u00admy si\u0119 sta\u00adnow\u00adczo powstrzy\u00adma\u00adnia wszel\u00adkich pr\u00f3b zale\u00adga\u00adli\u00adzo\u00adwa\u00adnia wyrz\u0105\u00addzo\u00adne\u00adgo z\u0142a. Nie zga\u00addza\u00admy si\u0119 z&nbsp;argu\u00admen\u00adta\u00adcj\u0105, \u017ce rejon \u201ebez\u00adpow\u00adrot\u00adnie utra\u00adci\u0142 war\u00adto\u00ad\u015bci przy\u00adrod\u00adni\u00adcze i&nbsp;walo\u00adry kul\u00adtu\u00adro\u00adwe\u201d, albo\u00adwiem nie pod\u00adj\u0119\u00adto nawet ana\u00adli\u00adzy, czy stan \u015bro\u00addo\u00adwi\u00adska mo\u017c\u00adna przy\u00adwr\u00f3\u00adci\u0107 do pier\u00adwot\u00adne\u00adgo. Lega\u00adli\u00adza\u00adcja wyrz\u0105\u00addzo\u00adnych szk\u00f3d by\u0142a\u00adby bez\u00adpre\u00adce\u00adden\u00adso\u00adwym przy\u00adzna\u00adniem, \u017ce bez wzgl\u0119\u00addu na obo\u00adwi\u0105\u00adzu\u00adj\u0105\u00adce pra\u00adwo oraz pope\u0142\u00adnio\u00adne b\u0142\u0119\u00addy, dobro jed\u00adne\u00adgo inwe\u00adsto\u00adra prze\u00adwa\u00ad\u017ca nad dobrem lokal\u00adnej spo\u00ad\u0142ecz\u00adno\u00ad\u015bci, o&nbsp;ochro\u00adnie \u015bro\u00addo\u00adwi\u00adska nie wspo\u00admi\u00adna\u00adj\u0105c. \u017b\u0105da\u00admy tak\u00ad\u017ce, by zamiast sank\u00adcjo\u00adno\u00adwa\u0107 pope\u0142\u00adnio\u00adne b\u0142\u0119\u00addy \u2013 uka\u00adra\u0107 win\u00adnych ich pope\u0142\u00adnie\u00adnia. Sko\u00adro mimo zapew\u00adnie\u0144 ze stro\u00adny inwe\u00adsto\u00adra, jak i&nbsp;urz\u0119\u00addu w&nbsp;Swa\u00adrz\u0119\u00addzu, \u017ce to nie nast\u0105\u00adpi, tere\u00adny chro\u00adnio\u00adne zosta\u00ad\u0142y ewi\u00addent\u00adnie znisz\u00adczo\u00adne, to albo doku\u00admen\u00adta\u00adcja inwe\u00adsto\u00adra by\u0142a nie\u00adrze\u00adtel\u00adna lub wpro\u00adwa\u00addza\u00adj\u0105\u00adca w&nbsp;b\u0142\u0105d albo wyda\u00adne decy\u00adzje ze stro\u00adny odpo\u00adwied\u00adnich urz\u0119\u00add\u00f3w by\u0142y obar\u00adczo\u00adne b\u0142\u0119dami.<\/p>\n<p>&nbsp;<\/p>\n<p>Pod\u00adsu\u00admo\u00adwu\u00adj\u0105c, zwra\u00adca\u00admy si\u0119 do wszyst\u00adkich insty\u00adtu\u00adcji b\u0119d\u0105\u00adcych adre\u00adsa\u00adta\u00admi niniej\u00adszej pety\u00adcji, aby zgod\u00adnie z&nbsp;posia\u00adda\u00adny\u00admi kom\u00adpe\u00adten\u00adcja\u00admi pod\u00adj\u0119\u00ad\u0142y dzia\u00ad\u0142a\u00adnia zmierzaj\u0105ce:<\/p>\n<p>-&nbsp;&nbsp; do utrzy\u00adma\u00adnia gra\u00adnic otu\u00adli\u00adny Par\u00adku Kra\u00adjo\u00adbra\u00adzo\u00adwe\u00adgo Pusz\u00adcza Zie\u00adlon\u00adka jako obsza\u00adru chro\u00adnio\u00adne\u00adgo&nbsp;oraz<\/p>\n<p>-&nbsp;&nbsp; do spraw\u00addze\u00adnia, czy pro\u00adce\u00addu\u00adry przy wyda\u00adwa\u00adniu i&nbsp;uzy\u00adska\u00adniu przez inwe\u00adsto\u00adra pozy\u00adtyw\u00adnych decy\u00adzji admi\u00adni\u00adstra\u00adcyj\u00adnych zwi\u0105\u00adza\u00adnych z&nbsp;reali\u00adza\u00adcj\u0105 inwe\u00adsty\u00adcji (m.in. pozwo\u00adle\u00adnie na budo\u00adw\u0119, decy\u00adzje \u015bro\u00addo\u00adwi\u00adsko\u00adwe czy pozwo\u00adle\u00adnie wod\u00adno-praw\u00adne) zosta\u00ad\u0142y prze\u00adpro\u00adwa\u00addzo\u00adne z&nbsp;naru\u00adsze\u00adniem pra\u00adwa po kt\u00f3\u00adrej\u00adkol\u00adwiek ze&nbsp;stron.<\/p>\n<p>&nbsp;<\/p>\n<p>Jani\u00adko\u00adwo, Kicin i&nbsp;oko\u00adli\u00adce, listo\u00adpad 2017&nbsp;r.<\/p>\n","protected":false},"excerpt":{"rendered":"<p>Pety\u00adcja do wia\u00addo\u00admo\u00ad\u015bci orga\u00adn\u00f3w publicz\u00adnych, powia\u00adto\u00adwych, woje\u00adw\u00f3dz\u00adkich i&nbsp;kra\u00adjo\u00adwych, samo\u00adrz\u0105\u00addo\u00adwych gmi\u00adny Czer\u00adwo\u00adnak i&nbsp;Swa\u00adrz\u0119dz, Rad\u00adnych Sej\u00admi\u00adku Woje\u00adw\u00f3dz\u00adtwa Wiel\u00adko\u00adpol\u00adskie\u00adgo, Pos\u0142\u00f3w i&nbsp;Sena\u00adto\u00adr\u00f3w, Pre\u00adze\u00adsa Rady Mini\u00adstr\u00f3w, Pro\u00adku\u00adra\u00adto\u00adra Gene\u00adral\u00adne\u00adgo, Woje\u00adwo\u00addy Wiel\u00adko\u00adpol\u00adskie\u00adgo, Sta\u00adro\u00adsty Pozna\u0144\u00adskie\u00adgo, Komen\u00addy Miej\u00adskiej Poli\u00adcji w&nbsp;Pozna\u00adniu, Cen\u00adtral\u00adne\u00adgo Biu\u00adra Anty\u00adko\u00adrup\u00adcyj\u00adne\u00adgo, RDO\u015a w&nbsp;Pozna\u00adniu, GDO\u015a, WIO\u015a w&nbsp;Pozna\u00adniu, Naj\u00adwy\u017c\u00adszej Izby Kon\u00adtro\u00adli. &nbsp; &nbsp; My, ni\u017cej pod\u00adpi\u00adsa\u00adni miesz\u00adka\u0144\u00adcy Jani\u00adko\u00adwa, Kici\u00adna i&nbsp;oko\u00adlic sta\u00adnow\u00adczo pro\u00adte\u00adstu\u00adje\u00admy prze\u00adciw\u00adko pr\u00f3bom&nbsp;[\u2026]<\/p>\n","protected":false},"author":2,"featured_media":1071,"comment_status":"closed","ping_status":"closed","sticky":false,"template":"","format":"standard","meta":{"wp_typography_post_enhancements_disabled":false},"categories":[1],"tags":[],"_links":{"self":[{"href":"https:\/\/kicinlen.pl\/index.php?rest_route=\/wp\/v2\/posts\/1070"}],"collection":[{"href":"https:\/\/kicinlen.pl\/index.php?rest_route=\/wp\/v2\/posts"}],"about":[{"href":"https:\/\/kicinlen.pl\/index.php?rest_route=\/wp\/v2\/types\/post"}],"author":[{"embeddable":true,"href":"https:\/\/kicinlen.pl\/index.php?rest_route=\/wp\/v2\/users\/2"}],"replies":[{"embeddable":true,"href":"https:\/\/kicinlen.pl\/index.php?rest_route=%2Fwp%2Fv2%2Fcomments&post=1070"}],"version-history":[{"count":1,"href":"https:\/\/kicinlen.pl\/index.php?rest_route=\/wp\/v2\/posts\/1070\/revisions"}],"predecessor-version":[{"id":1072,"href":"https:\/\/kicinlen.pl\/index.php?rest_route=\/wp\/v2\/posts\/1070\/revisions\/1072"}],"wp:featuredmedia":[{"embeddable":true,"href":"https:\/\/kicinlen.pl\/index.php?rest_route=\/wp\/v2\/media\/1071"}],"wp:attachment":[{"href":"https:\/\/kicinlen.pl\/index.php?rest_route=%2Fwp%2Fv2%2Fmedia&parent=1070"}],"wp:term":[{"taxonomy":"category","embeddable":true,"href":"https:\/\/kicinlen.pl\/index.php?rest_route=%2Fwp%2Fv2%2Fcategories&post=1070"},{"taxonomy":"post_tag","embeddable":true,"href":"https:\/\/kicinlen.pl\/index.php?rest_route=%2Fwp%2Fv2%2Ftags&post=1070"}],"curies":[{"name":"wp","href":"https:\/\/api.w.org\/{rel}","templated":true}]}}