{"id":1100,"date":"2018-05-15T11:01:05","date_gmt":"2018-05-15T09:01:05","guid":{"rendered":"http:\/\/kicinlen.pl\/?p=1100"},"modified":"2019-03-14T09:23:40","modified_gmt":"2019-03-14T08:23:40","slug":"10-lat-inicjatyw-obywatelskich-stowarzyszenia-na-rzecz-zrownowazonego-rozwoju-kicina-i-okolic-len","status":"publish","type":"post","link":"https:\/\/kicinlen.pl\/?p=1100","title":{"rendered":"10 lat inicjatyw obywatelskich Stowarzyszenia na Rzecz Zr\u00f3wnowa\u017conego Rozwoju Kicina i&nbsp;Okolic \u201eLen\u201d"},"content":{"rendered":"<p>Przed\u00adsi\u0119\u00adwzi\u0119\u00adcie kul\u00adtu\u00adral\u00adno-inte\u00adgra\u00adcyj\u00adne w&nbsp;\u015bwie\u00adtli\u00adcy w&nbsp;Kici\u00adnie jako miej\u00adscu spo\u00adtka\u0144 sta\u00adrych i&nbsp;nowych miesz\u00adka\u0144\u00adc\u00f3w so\u0142ec\u00adtwa Kicin i&nbsp;so\u0142ec\u00adtwa Kli\u00adny, orga\u00adni\u00adzo\u00adwa\u00adne przy oka\u00adzji 10. lecia Sto\u00adwa\u00adrzy\u00adsze\u00adnia \u201eLen\u201d.&nbsp;Wyda\u00adrze\u00adnie jest reali\u00adzo\u00adwa\u00adne w&nbsp;ramach zada\u00adnia dofi\u00adnan\u00adso\u00adwa\u00adne\u00adgo z&nbsp;gran\u00adtu <span class=\"caps\">LGD<\/span> \u201eTrakt Piast\u00f3w\u201d.<\/p>\n<p><a href=\"http:\/\/kicinlen.pl\/wp-content\/uploads\/2018\/05\/240px-Flag_of_Europe.png\"><img loading=\"lazy\" class=\"alignnone wp-image-1106 \" src=\"http:\/\/kicinlen.pl\/wp-content\/uploads\/2018\/05\/240px-Flag_of_Europe.png\" alt=\"240px-Flag_of_Europe\" width=\"125\" height=\"83\" srcset=\"https:\/\/kicinlen.pl\/wp-content\/uploads\/2018\/05\/240px-Flag_of_Europe.png 240w, https:\/\/kicinlen.pl\/wp-content\/uploads\/2018\/05\/240px-Flag_of_Europe-150x100.png 150w, https:\/\/kicinlen.pl\/wp-content\/uploads\/2018\/05\/240px-Flag_of_Europe-200x133.png 200w\" sizes=\"(max-width: 125px) 100vw, 125px\"><\/a>&nbsp; &nbsp; &nbsp; &nbsp; &nbsp; &nbsp; &nbsp; &nbsp; &nbsp;&nbsp;<a href=\"http:\/\/kicinlen.pl\/wp-content\/uploads\/2018\/05\/leaderlogo.jpg\"><img loading=\"lazy\" class=\"alignnone wp-image-1107 \" src=\"http:\/\/kicinlen.pl\/wp-content\/uploads\/2018\/05\/leaderlogo-150x150.jpg\" alt=\"leaderlogo\" width=\"85\" height=\"85\" srcset=\"https:\/\/kicinlen.pl\/wp-content\/uploads\/2018\/05\/leaderlogo-150x150.jpg 150w, https:\/\/kicinlen.pl\/wp-content\/uploads\/2018\/05\/leaderlogo-300x300.jpg 300w, https:\/\/kicinlen.pl\/wp-content\/uploads\/2018\/05\/leaderlogo-100x100.jpg 100w, https:\/\/kicinlen.pl\/wp-content\/uploads\/2018\/05\/leaderlogo-200x200.jpg 200w, https:\/\/kicinlen.pl\/wp-content\/uploads\/2018\/05\/leaderlogo.jpg 485w\" sizes=\"(max-width: 85px) 100vw, 85px\"><\/a>&nbsp; &nbsp; &nbsp; &nbsp; &nbsp; &nbsp; &nbsp; &nbsp; &nbsp; &nbsp;<a href=\"http:\/\/kicinlen.pl\/wp-content\/uploads\/2018\/05\/LGD-Trakt-Piast\u00f3w.png\"><img loading=\"lazy\" class=\"alignnone wp-image-1104 \" src=\"http:\/\/kicinlen.pl\/wp-content\/uploads\/2018\/05\/LGD-Trakt-Piast\u00f3w-150x150.png\" width=\"85\" height=\"85\" srcset=\"https:\/\/kicinlen.pl\/wp-content\/uploads\/2018\/05\/LGD-Trakt-Piast\u00f3w-150x150.png 150w, https:\/\/kicinlen.pl\/wp-content\/uploads\/2018\/05\/LGD-Trakt-Piast\u00f3w-100x100.png 100w, https:\/\/kicinlen.pl\/wp-content\/uploads\/2018\/05\/LGD-Trakt-Piast\u00f3w-200x200.png 200w\" sizes=\"(max-width: 85px) 100vw, 85px\"><\/a>&nbsp; &nbsp; &nbsp; &nbsp; &nbsp; &nbsp; &nbsp; &nbsp; &nbsp;&nbsp;<a href=\"http:\/\/kicinlen.pl\/wp-content\/uploads\/2018\/05\/PROW-2014-2020-logo-kolor.jpg\"><img loading=\"lazy\" class=\"alignnone wp-image-1105 \" src=\"http:\/\/kicinlen.pl\/wp-content\/uploads\/2018\/05\/PROW-2014-2020-logo-kolor-300x196.jpg\" alt=\"PROW-2014-2020-logo-kolor\" width=\"149\" height=\"97\" srcset=\"https:\/\/kicinlen.pl\/wp-content\/uploads\/2018\/05\/PROW-2014-2020-logo-kolor-300x196.jpg 300w, https:\/\/kicinlen.pl\/wp-content\/uploads\/2018\/05\/PROW-2014-2020-logo-kolor-768x503.jpg 768w, https:\/\/kicinlen.pl\/wp-content\/uploads\/2018\/05\/PROW-2014-2020-logo-kolor-1024x670.jpg 1024w, https:\/\/kicinlen.pl\/wp-content\/uploads\/2018\/05\/PROW-2014-2020-logo-kolor-200x131.jpg 200w, https:\/\/kicinlen.pl\/wp-content\/uploads\/2018\/05\/PROW-2014-2020-logo-kolor.jpg 1059w\" sizes=\"(max-width: 149px) 100vw, 149px\"><\/a><\/p>\n<p>Ser\u00addecz\u00adnie zapra\u00adsza\u00admy miesz\u00adka\u0144\u00adc\u00f3w so\u0142ec\u00adtwa Kicin i&nbsp;so\u0142ec\u00adtwa Kli\u00adny, a&nbsp;tak\u00ad\u017ce wszyst\u00adkich sym\u00adpa\u00adty\u00adk\u00f3w, na cykl wyda\u00adrze\u0144 kulturalnych:<\/p>\n<p style=\"text-align: left;\"><strong>&nbsp;<\/strong><strong>10 lat ini\u00adcja\u00adtyw oby\u00adwa\u00adtel\u00adskich Sto\u00adwa\u00adrzy\u00adsze\u00adnia na Rzecz Zr\u00f3w\u00adno\u00adwa\u00ad\u017co\u00adne\u00adgo Roz\u00adwo\u00adju Kici\u00adna i&nbsp;Oko\u00adlic \u201eLen\u201d<\/strong><\/p>\n<p style=\"text-align: left;\"><strong>26 maja 2018 r. \u015awie\u00adtli\u00adca wiej\u00adska \u2013 Klub \u201eJutrzen\u00adka\u201d w&nbsp;Kici\u00adnie, ul. Nowe Osie\u00addle&nbsp;2<\/strong><\/p>\n<p style=\"text-align: left;\"><strong>Pro\u00adgram:<\/strong><\/p>\n<p style=\"text-align: left;\"><strong>16.00<\/strong> Otwar\u00adcie wysta\u00adwy foto\u00adgra\u00adfii, malar\u00adstwa i&nbsp;rze\u017a\u00adby lokal\u00adnych i&nbsp;zaprzy\u00adja\u017a\u00adnio\u00adnych tw\u00f3rc\u00f3w:<\/p>\n<p style=\"text-align: center;\"><em><strong>Ma\u0142\u00adgo\u00adrza\u00adty Fabian<\/strong><\/em><\/p>\n<p style=\"text-align: center;\"><em><strong>Edwar\u00adda G\u0105siora<\/strong><\/em><\/p>\n<p style=\"text-align: center;\"><em><strong>Lesz\u00adka Lesiczki<\/strong><\/em><\/p>\n<p style=\"text-align: center;\"><em><strong>Domi\u00adni\u00adka Lesiczki<\/strong><\/em><\/p>\n<p style=\"text-align: center;\"><em><strong>Mag\u00addy i&nbsp;Jac\u00adka Napiontek<\/strong><\/em><\/p>\n<p style=\"text-align: center;\"><em><strong>Jerze\u00adgo Majchrzaka<\/strong><\/em><\/p>\n<p style=\"text-align: center;\"><em><strong>Doro\u00adty Marciniak<\/strong><\/em><\/p>\n<p style=\"text-align: center;\"><em><strong>Marii Mag\u00adda\u00adle\u00adny Pocgaj<\/strong><\/em><\/p>\n<p style=\"text-align: center;\"><em><strong>Tere\u00adsy P\u00f3\u0142torak-Kubiak<\/strong><\/em><\/p>\n<p style=\"text-align: center;\"><em><strong>Mai Rausch<\/strong><\/em><\/p>\n<p style=\"text-align: center;\"><em><strong>Anto\u00adnie\u00adgo&nbsp;Ruta<\/strong><\/em><\/p>\n<p style=\"text-align: center;\"><em><strong>Toma\u00adsza Wojciechowskiego<\/strong><\/em><\/p>\n<p>&nbsp;<\/p>\n<p style=\"text-align: left;\">oraz doku\u00admen\u00adta\u00adcji foto\u00adgra\u00adficz\u00adnej z&nbsp;10. lat dzia\u00ad\u0142al\u00adno\u00ad\u015bci Sto\u00adwa\u00adrzy\u00adsze\u00adnia \u201eLen\u201d.<\/p>\n<p style=\"text-align: left;\"><strong>18.00<\/strong> Powi\u00adta\u00adnie przez zarz\u0105d Sto\u00adwa\u00adrzy\u00adsze\u00adnia \u201eLen\u201d<\/p>\n<p style=\"text-align: left;\">Pre\u00adzen\u00adta\u00adcja mul\u00adti\u00adme\u00addial\u00adna histo\u00adrii i&nbsp;dzia\u00ad\u0142al\u00adno\u00ad\u015bci oby\u00adwa\u00adtel\u00adskiej Sto\u00adwa\u00adrzy\u00adsze\u00adnia \u201eLen\u201d.<\/p>\n<p style=\"text-align: left;\">Dys\u00adku\u00adsja o&nbsp;wizji roz\u00adwo\u00adju naszej lokal\u00adnej spo\u0142eczno\u015bci.<\/p>\n<p style=\"text-align: left;\">Wer\u00adni\u00adsa\u017c \u2013 spo\u00adtka\u00adnie z&nbsp;arty\u00adsta\u00admi, oka\u00adzja do rozmowy.<\/p>\n<p style=\"text-align: left;\"><strong>20.00<\/strong> <em><strong>Kon\u00adcert akor\u00adde\u00adono\u00adwy Hen\u00adry\u00adka \u0141uka\u00adszew\u00adskie\u00adgo \u2014 z<\/strong><\/em><em><strong>a\u015bpie\u00adwa&nbsp;Jago\u00adda&nbsp;Kram<\/strong><\/em><\/p>\n<p>p.s. Po kon\u00adcer\u00adcie zapra\u00adsza\u00admy na cz\u0119\u015b\u0107 mniej ofi\u00adcjal\u00adn\u0105 i&nbsp;pocz\u0119\u00adstu\u00adnek sma\u00adko\u00ad\u0142y\u00adka\u00admi przy\u00adgo\u00adto\u00adwa\u00adny\u00admi przez miesz\u00adka\u0144\u00adc\u00f3w.&nbsp;Mo\u017ce\u00adcie tak\u00ad\u017ce, kocha\u00adni, przy\u00adnie\u015b\u0107 jakie\u015b swoj\u00adskie cia\u00adsto, kie\u0142\u00adba\u00adski (b\u0119dzie pogo\u00adda, b\u0119dzie grill :-), napo\u00adje wed\u0142ug uzna\u00adnia. B\u0105d\u017a\u00admy&nbsp;razem!<\/p>\n<p>&nbsp;<\/p>\n<p><a href=\"http:\/\/kicinlen.pl\/wp-content\/uploads\/2017\/11\/Logo-len-1.jpg\"><img loading=\"lazy\" class=\"alignnone wp-image-1071\" src=\"http:\/\/kicinlen.pl\/wp-content\/uploads\/2017\/11\/Logo-len-1-300x300.jpg\" alt=\"Logo-len 1\" width=\"110\" height=\"110\" srcset=\"https:\/\/kicinlen.pl\/wp-content\/uploads\/2017\/11\/Logo-len-1-300x300.jpg 300w, https:\/\/kicinlen.pl\/wp-content\/uploads\/2017\/11\/Logo-len-1-150x150.jpg 150w, https:\/\/kicinlen.pl\/wp-content\/uploads\/2017\/11\/Logo-len-1-768x768.jpg 768w, https:\/\/kicinlen.pl\/wp-content\/uploads\/2017\/11\/Logo-len-1-1024x1024.jpg 1024w, https:\/\/kicinlen.pl\/wp-content\/uploads\/2017\/11\/Logo-len-1-100x100.jpg 100w, https:\/\/kicinlen.pl\/wp-content\/uploads\/2017\/11\/Logo-len-1-200x200.jpg 200w, https:\/\/kicinlen.pl\/wp-content\/uploads\/2017\/11\/Logo-len-1.jpg 1584w\" sizes=\"(max-width: 110px) 100vw, 110px\"><\/a>&nbsp; &nbsp; &nbsp; &nbsp; &nbsp; &nbsp; &nbsp; &nbsp; &nbsp; &nbsp; &nbsp; &nbsp; &nbsp; &nbsp; &nbsp; &nbsp;<a href=\"http:\/\/kicinlen.pl\/wp-content\/uploads\/2018\/05\/Czerwonak-logo.png\"><img loading=\"lazy\" class=\"alignnone wp-image-1102\" src=\"http:\/\/kicinlen.pl\/wp-content\/uploads\/2018\/05\/Czerwonak-logo.png\" alt=\"Czerwonak logo\" width=\"123\" height=\"104\" srcset=\"https:\/\/kicinlen.pl\/wp-content\/uploads\/2018\/05\/Czerwonak-logo.png 244w, https:\/\/kicinlen.pl\/wp-content\/uploads\/2018\/05\/Czerwonak-logo-200x169.png 200w\" sizes=\"(max-width: 123px) 100vw, 123px\"><\/a>&nbsp; &nbsp; &nbsp; &nbsp; &nbsp; &nbsp; &nbsp; &nbsp; &nbsp; &nbsp; &nbsp; &nbsp; &nbsp; &nbsp; &nbsp; &nbsp;<a href=\"http:\/\/kicinlen.pl\/wp-content\/uploads\/2018\/05\/sokol-logo.jpg\"><img loading=\"lazy\" class=\"alignnone wp-image-1103\" src=\"http:\/\/kicinlen.pl\/wp-content\/uploads\/2018\/05\/sokol-logo.jpg\" alt=\"sokol logo\" width=\"178\" height=\"107\" srcset=\"https:\/\/kicinlen.pl\/wp-content\/uploads\/2018\/05\/sokol-logo.jpg 289w, https:\/\/kicinlen.pl\/wp-content\/uploads\/2018\/05\/sokol-logo-200x120.jpg 200w\" sizes=\"(max-width: 178px) 100vw, 178px\"><\/a><\/p>\n<p><strong>3 czerw\u00adca 2018&nbsp;r.<\/strong><\/p>\n<p>12.00 Ko\u015bci\u00f3\u0142 pw. \u015aw. J\u00f3ze\u00adfa w&nbsp;Kici\u00adnie.&nbsp;Msza \u015bw. dzi\u0119k\u00adczyn\u00adna za 10 lat dzia\u00ad\u0142al\u00adno\u00ad\u015bci oby\u00adwa\u00adtel\u00adskiej Sto\u00adwa\u00adrzy\u00adsze\u00adnia \u201eLen\u201d.<\/p>\n<p>&nbsp;<\/p>\n<p>&nbsp;<\/p>\n","protected":false},"excerpt":{"rendered":"<p>Przed\u00adsi\u0119\u00adwzi\u0119\u00adcie kul\u00adtu\u00ad\u00adra\u00adl\u00adno-inte\u00ad\u00adgra\u00ad\u00adcy\u00adj\u00adne w&nbsp;\u015bwie\u00adtli\u00adcy w&nbsp;Kici\u00adnie jako miej\u00adscu spo\u00adtka\u0144 sta\u00adrych i&nbsp;nowych miesz\u00adka\u0144\u00adc\u00f3w so\u0142ec\u00adtwa Kicin i&nbsp;so\u0142ec\u00adtwa Kli\u00adny, orga\u00adni\u00adzo\u00adwa\u00adne przy oka\u00adzji 10. lecia Sto\u00adwa\u00adrzy\u00adsze\u00adnia \u201eLen\u201d.&nbsp;Wyda\u00adrze\u00adnie jest reali\u00adzo\u00adwa\u00adne w&nbsp;ramach zada\u00adnia dofi\u00adnan\u00adso\u00adwa\u00adne\u00adgo z&nbsp;gran\u00adtu <span class=\"caps\">LGD<\/span> \u201eTrakt Piast\u00f3w\u201d.&nbsp;[\u2026]<\/p>\n","protected":false},"author":2,"featured_media":0,"comment_status":"closed","ping_status":"closed","sticky":false,"template":"","format":"standard","meta":{"wp_typography_post_enhancements_disabled":false},"categories":[1],"tags":[],"_links":{"self":[{"href":"https:\/\/kicinlen.pl\/index.php?rest_route=\/wp\/v2\/posts\/1100"}],"collection":[{"href":"https:\/\/kicinlen.pl\/index.php?rest_route=\/wp\/v2\/posts"}],"about":[{"href":"https:\/\/kicinlen.pl\/index.php?rest_route=\/wp\/v2\/types\/post"}],"author":[{"embeddable":true,"href":"https:\/\/kicinlen.pl\/index.php?rest_route=\/wp\/v2\/users\/2"}],"replies":[{"embeddable":true,"href":"https:\/\/kicinlen.pl\/index.php?rest_route=%2Fwp%2Fv2%2Fcomments&post=1100"}],"version-history":[{"count":11,"href":"https:\/\/kicinlen.pl\/index.php?rest_route=\/wp\/v2\/posts\/1100\/revisions"}],"predecessor-version":[{"id":1111,"href":"https:\/\/kicinlen.pl\/index.php?rest_route=\/wp\/v2\/posts\/1100\/revisions\/1111"}],"wp:attachment":[{"href":"https:\/\/kicinlen.pl\/index.php?rest_route=%2Fwp%2Fv2%2Fmedia&parent=1100"}],"wp:term":[{"taxonomy":"category","embeddable":true,"href":"https:\/\/kicinlen.pl\/index.php?rest_route=%2Fwp%2Fv2%2Fcategories&post=1100"},{"taxonomy":"post_tag","embeddable":true,"href":"https:\/\/kicinlen.pl\/index.php?rest_route=%2Fwp%2Fv2%2Ftags&post=1100"}],"curies":[{"name":"wp","href":"https:\/\/api.w.org\/{rel}","templated":true}]}}