{"id":1211,"date":"2019-03-18T13:14:45","date_gmt":"2019-03-18T12:14:45","guid":{"rendered":"http:\/\/kicinlen.pl\/?p=1211"},"modified":"2021-07-08T19:05:37","modified_gmt":"2021-07-08T17:05:37","slug":"odznaczenie-zasluzony-dla-kultury-polskiej-nadane-przez-ministra-kultury-i-dziedzictwa-narodowego-czlonkowi-zarzadu-naszego-stowarzyszenia-leszkowi-lesiczce","status":"publish","type":"post","link":"https:\/\/kicinlen.pl\/?p=1211","title":{"rendered":"Odznaczenie \u201eZas\u0142u\u017cony dla Kultury Polskiej\u201d nadane przez Ministra Kultury i&nbsp;Dziedzictwa Narodowego cz\u0142onkowi zarz\u0105du naszego Stowarzyszenia Leszkowi Lesiczce"},"content":{"rendered":"<p>Zarz\u0105d Wiel\u00adko\u00adpol\u00adskie\u00adgo Zwi\u0105z\u00adku Arty\u00adst\u00f3w Pla\u00adsty\u00adk\u00f3w zapra\u00adsza na wer\u00adni\u00adsa\u017c \u201e<span class=\"caps\">IX<\/span> Pozna\u0144\u00adski Salon Robin\u00adso\u00adna\u00adda\u201d w&nbsp;pi\u0105\u00adtek 22 mar\u00adca 2019 r. o&nbsp;godz. 18:00 do Gale\u00adrii Ska\u00adlar Offi\u00adce Cen\u00adter w&nbsp;Pozna\u00adniu przy ul. G\u00f3rec\u00adkiej 1. Otwar\u00adcie wysta\u00adwy u\u015bwiet\u00adni kon\u00adcert Marze\u00adny Kur\u00adpisz. Leszek Lesicz\u00adka pod\u00adczas wer\u00adni\u00adsa\u00ad\u017cu otrzy\u00adma odzna\u00adcze\u00adnie \u201eZas\u0142u\u00ad\u017co\u00adny dla Kul\u00adtu\u00adry Pol\u00adskiej\u201d nada\u00adne przez Mini\u00adstra Kul\u00adtu\u00adry i&nbsp;Dzie\u00addzic\u00adtwa Narodowego<\/p>\n<p>Wi\u0119\u00adcej infor\u00adma\u00adcji na stro\u00adnie: <a href=\"http:\/\/wzap.info\/index.php\/ix-poznanski-salon-robinsonada\/?fbclid=IwAR1w72SJ32hEj3XnZGW9cTNeriiyR24dUEennHndbAowwLsl7vzmAMPlJII\">http:\/\/wzap.info\/index.php\/ix-poznanski-salon-robinsonada\/<\/a><\/p>\n<p>Anto\u00adni Rut <em><i>Zdfp <span class=\"caps\">AFRP<\/span> \u2014&nbsp;<\/i><\/em><em><i>pre\u00adzes <\/i><\/em>Wiel\u00adko\u00adpol\u00adskie\u00adgo Zwi\u0105z\u00adku Arty\u00adst\u00f3w Plastyk\u00f3w<\/p>\n","protected":false},"excerpt":{"rendered":"<p>Zarz\u0105d Wiel\u00adko\u00adpol\u00adskie\u00adgo Zwi\u0105z\u00adku Arty\u00adst\u00f3w Pla\u00adsty\u00adk\u00f3w zapra\u00adsza na wer\u00adni\u00adsa\u017c \u201e<span class=\"caps\">IX<\/span> Pozna\u0144\u00adski Salon Robin\u00adso\u00adna\u00adda\u201d w&nbsp;pi\u0105\u00adtek 22 mar\u00adca 2019 r. o&nbsp;godz. 18:00 do Gale\u00adrii Ska\u00adlar Offi\u00adce Cen\u00adter w&nbsp;Pozna\u00adniu przy ul. G\u00f3rec\u00adkiej 1. Otwar\u00adcie wysta\u00adwy u\u015bwiet\u00adni kon\u00adcert Marze\u00adny Kur\u00adpisz. Leszek Lesicz\u00adka pod\u00adczas wer\u00adni\u00adsa\u00ad\u017cu otrzy\u00adma odzna\u00adcze\u00adnie \u201eZas\u0142u\u00ad\u017co\u00adny dla Kul\u00adtu\u00adry Pol\u00adskiej\u201d nada\u00adne przez Mini\u00adstra Kul\u00adtu\u00adry i&nbsp;Dzie\u00addzic\u00adtwa Naro\u00addo\u00adwe\u00adgo Wi\u0119\u00adcej infor\u00adma\u00adcji na stronie:&nbsp;[\u2026]<\/p>\n","protected":false},"author":2,"featured_media":0,"comment_status":"closed","ping_status":"closed","sticky":false,"template":"","format":"standard","meta":{"wp_typography_post_enhancements_disabled":false},"categories":[1],"tags":[],"_links":{"self":[{"href":"https:\/\/kicinlen.pl\/index.php?rest_route=\/wp\/v2\/posts\/1211"}],"collection":[{"href":"https:\/\/kicinlen.pl\/index.php?rest_route=\/wp\/v2\/posts"}],"about":[{"href":"https:\/\/kicinlen.pl\/index.php?rest_route=\/wp\/v2\/types\/post"}],"author":[{"embeddable":true,"href":"https:\/\/kicinlen.pl\/index.php?rest_route=\/wp\/v2\/users\/2"}],"replies":[{"embeddable":true,"href":"https:\/\/kicinlen.pl\/index.php?rest_route=%2Fwp%2Fv2%2Fcomments&post=1211"}],"version-history":[{"count":2,"href":"https:\/\/kicinlen.pl\/index.php?rest_route=\/wp\/v2\/posts\/1211\/revisions"}],"predecessor-version":[{"id":1213,"href":"https:\/\/kicinlen.pl\/index.php?rest_route=\/wp\/v2\/posts\/1211\/revisions\/1213"}],"wp:attachment":[{"href":"https:\/\/kicinlen.pl\/index.php?rest_route=%2Fwp%2Fv2%2Fmedia&parent=1211"}],"wp:term":[{"taxonomy":"category","embeddable":true,"href":"https:\/\/kicinlen.pl\/index.php?rest_route=%2Fwp%2Fv2%2Fcategories&post=1211"},{"taxonomy":"post_tag","embeddable":true,"href":"https:\/\/kicinlen.pl\/index.php?rest_route=%2Fwp%2Fv2%2Ftags&post=1211"}],"curies":[{"name":"wp","href":"https:\/\/api.w.org\/{rel}","templated":true}]}}