{"id":1309,"date":"2021-08-30T20:56:22","date_gmt":"2021-08-30T18:56:22","guid":{"rendered":"https:\/\/kicinlen.pl\/?p=1309"},"modified":"2021-08-30T20:59:40","modified_gmt":"2021-08-30T18:59:40","slug":"relacja-ze-splywu-kajakowego-26-29-lipiec-warta-2021","status":"publish","type":"post","link":"https:\/\/kicinlen.pl\/?p=1309","title":{"rendered":"Relacja ze sp\u0142ywu kajakowego 26\u201329 lipiec. <span class=\"caps\">WARTA<\/span>&nbsp;2021"},"content":{"rendered":"\n<p>Chcia\u00ad\u0142o\u00adby si\u0119 powie\u00addzie\u0107 \u201esp\u0142y\u00adwa\u00admy przed Covi\u00addem\u201d albo \u201eA jed\u00adnak si\u0119 uda\u00ad\u0142o\u201d!!. D\u0142u\u00adgo ocze\u00adki\u00adwa\u00adny i&nbsp;zapo\u00adwia\u00adda\u00adny, przez nowy zarz\u0105d nasze\u00adgo sto\u00adwa\u00adrzy\u00adsze\u00adnia, sp\u0142yw kaja\u00adko\u00adwy po rze\u00adce War\u00adcie na odcin\u00adku od miej\u00adsco\u00adwo\u00ad\u015bci L\u0105d do Czer\u00adwo\u00adna\u00adka, uda\u00ad\u0142o si\u0119 zre\u00adali\u00adzo\u00adwa\u0107 przy sprzy\u00adja\u00adj\u0105\u00adcej pogo\u00addzie i&nbsp;w dobrych humo\u00adrach!  26-tego gru\u00adpa sk\u0142a\u00adda\u00ad\u0142a si\u0119 z&nbsp;cz\u0142on\u00adk\u00f3w sto\u00adwa\u00adrzy\u00adsze\u00adnia oraz sym\u00adpa\u00adty\u00adk\u00f3w i&nbsp;liczy\u00ad\u0142a 22 oso\u00adby. Naj\u00adm\u0142od\u00adszy w\u015br\u00f3d nas Leon sko\u0144\u00adczy\u0142 12 lat a&nbsp;naj\u00adstar\u00adszy pan Jurek 73.  Wyjazd z&nbsp;Kici\u00adna auto\u00adbu\u00adsu oraz samo\u00adcho\u00addu z&nbsp;przy\u00adcze\u00adp\u0105 towa\u00adro\u00adwa, musia\u0142 zro\u00adbi\u0107 wra\u00ad\u017ce\u00adnie, bo na p\u0119tli \u017cegna\u00ad\u0142a nas spo\u00adra grup\u00adka miesz\u00adka\u0144\u00adc\u00f3w. Kaja\u00adki mia\u00ad\u0142y &nbsp;cze\u00adka\u0107 w&nbsp;pierw\u00adszej mari\u00adnie.  Plan zak\u0142a\u00adda\u0142, \u017ce tra\u00ads\u0119 prze\u00adp\u0142y\u00adnie\u00admy w&nbsp;4 dni. Ca\u0142a tra\u00adsa ok. 132 km podzie\u00adlo\u00adna zosta\u00ad\u0142a przez p.Bogus\u0142awa Gry\u00adgie\u00adra na odcinki:<\/p>\n\n\n\n<ul><li><strong>\/ Dzie\u0144 1<\/strong>. Start: L\u0105d \u2013 meta: Nowe Mia\u00adsto nad&nbsp;Wart\u0105.<\/li><\/ul>\n\n\n\n<p><strong>&nbsp;&nbsp;&nbsp;&nbsp;&nbsp;&nbsp;&nbsp;&nbsp;&nbsp;&nbsp;&nbsp;&nbsp;&nbsp;&nbsp;&nbsp;&nbsp;&nbsp; <\/strong>\u0141\u0105cz\u00adnie 42&nbsp;km.<\/p>\n\n\n\n<p>&nbsp;&nbsp;&nbsp;&nbsp;L\u0105do\u00adwa\u00adnie w&nbsp;mari\u00adnie Przy\u00adsta\u0144 pod Bocia\u00adnem\u2026. Faj\u00adnie jest!. W&nbsp;L\u0105dzie pla\u00adno\u00adwa\u00adny by\u0142 pobyt na tere\u00adnie zako\u00adnu cyster\u00adskie\u00adgo, kt\u00f3\u00adre\u00adgo jed\u00adnak nie uda\u00ad\u0142o nam si\u0119 zwie\u00addzi\u0107 z&nbsp;prze\u00adwod\u00adni\u00adkiem. Nie zgra\u00ad\u0142y si\u0119 cza\u00adso\u00adwo godzi\u00adny pra\u00adcy prze\u00adwod\u00adni\u00adka z&nbsp;naszym star\u00adtem, ale ka\u017c\u00addy ch\u0119t\u00adny zapo\u00adzna\u0142 si\u0119 z&nbsp;impo\u00adnu\u00adj\u0105\u00adc\u0105 histo\u00adri\u0105 tego miej\u00adsca, gdzie licz\u00adni kr\u00f3\u00adlo\u00adwie cz\u0119\u00adsto prze\u00adby\u00adwa\u00adli.  W&nbsp;mi\u0119\u00addzy\u00adcza\u00adsie dostar\u00adczo\u00adno 2&nbsp;oso\u00adbo\u00adwe kaja\u00adki.  Tu\u017c przed star\u00adtem \u2013 ka\u017c\u00addy z&nbsp;nas pocz\u0119\u00adsto\u00adwa\u0142 si\u0119 \u015bwie\u00ad\u017c\u0105 dro\u017c\u00add\u017c\u00f3w\u00adk\u0105 b\u0105d\u017a p\u0105cz\u00adkiem i &nbsp;nabra\u0142 dodat\u00adko\u00adwej ener\u00adgii. Rze\u00adka cze\u00adka\u00ad\u0142a na nas tu\u017c za cyplem\u2026 cicho, sze\u00adro\u00adko, zie\u00adlo\u00adno a&nbsp;pi\u0119k\u00adna, s\u0142o\u00adnecz\u00adna pogo\u00adda zapra\u00adsza\u00ad\u0142a do relaksu.<\/p>\n\n\n\n<figure class=\"wp-block-image size-large\"><a href=\"https:\/\/kicinlen.pl\/wp-content\/uploads\/2021\/08\/image.png\"><img loading=\"lazy\" width=\"544\" height=\"356\" src=\"https:\/\/kicinlen.pl\/wp-content\/uploads\/2021\/08\/image.png\" alt class=\"wp-image-1310\" srcset=\"https:\/\/kicinlen.pl\/wp-content\/uploads\/2021\/08\/image.png 544w, https:\/\/kicinlen.pl\/wp-content\/uploads\/2021\/08\/image-300x196.png 300w, https:\/\/kicinlen.pl\/wp-content\/uploads\/2021\/08\/image-200x131.png 200w\" sizes=\"(max-width: 544px) 100vw, 544px\"><\/a><\/figure>\n\n\n\n<figure class=\"wp-block-image size-large\"><a href=\"https:\/\/kicinlen.pl\/wp-content\/uploads\/2021\/08\/image-1.png\"><img loading=\"lazy\" width=\"557\" height=\"362\" src=\"https:\/\/kicinlen.pl\/wp-content\/uploads\/2021\/08\/image-1.png\" alt class=\"wp-image-1311\" srcset=\"https:\/\/kicinlen.pl\/wp-content\/uploads\/2021\/08\/image-1.png 557w, https:\/\/kicinlen.pl\/wp-content\/uploads\/2021\/08\/image-1-300x195.png 300w, https:\/\/kicinlen.pl\/wp-content\/uploads\/2021\/08\/image-1-200x130.png 200w\" sizes=\"(max-width: 557px) 100vw, 557px\"><\/a><\/figure>\n\n\n\n<figure class=\"wp-block-image size-large\"><a href=\"https:\/\/kicinlen.pl\/wp-content\/uploads\/2021\/08\/image-2.png\"><img loading=\"lazy\" width=\"404\" height=\"228\" src=\"https:\/\/kicinlen.pl\/wp-content\/uploads\/2021\/08\/image-2.png\" alt class=\"wp-image-1312\" srcset=\"https:\/\/kicinlen.pl\/wp-content\/uploads\/2021\/08\/image-2.png 404w, https:\/\/kicinlen.pl\/wp-content\/uploads\/2021\/08\/image-2-300x169.png 300w, https:\/\/kicinlen.pl\/wp-content\/uploads\/2021\/08\/image-2-200x113.png 200w\" sizes=\"(max-width: 404px) 100vw, 404px\"><\/a><\/figure>\n\n\n\n<p>&nbsp;<strong>27.07.2021 \/ Dzie\u0144 2<\/strong> \u2013 Start: Nowe Mia\u00adsto nad War\u00adt\u0105 \u2013 meta: port rzecz\u00adny&nbsp;\u015arem.<\/p>\n\n\n\n<p>Tra\u00adsa ok.33&nbsp;km.<\/p>\n\n\n\n<p>O ile pierw\u00adsze\u00adgo dnia p\u0142y\u00adn\u0119\u00adli\u00ad\u015bmy raczej w\u015br\u00f3d p\u00f3l tak teraz kra\u00adjo\u00adbraz nie\u00adco si\u0119 zmie\u00adnia\u0142. Brze\u00adgi cz\u0119\u00ad\u015bcio\u00adwo pora\u00adsta\u00ad\u0142y nad\u00adbrze\u017c\u00adne krze\u00adwy i&nbsp;lasy. Pogo\u00adda nadal sprzy\u00adja\u00ad\u0142a, rze\u00adka jed\u00adnak nie pozwa\u00adla\u00ad\u0142a na zupe\u0142\u00adnie bier\u00adne sie\u00addze\u00adnie w&nbsp;kaja\u00adku, ponie\u00adwa\u017c kory\u00adto moc\u00adno mean\u00addru\u00adje przez co nurt zmie\u00adnia si\u0119 co kil\u00adka\u00addzie\u00adsi\u0105t metr\u00f3w. Naszej gru\u00adpie nadal pil\u00adnie przy\u00adgl\u0105\u00adda\u00adj\u0105 si\u0119 cza\u00adple siwe, pod\u00adfru\u00adwa\u00adj\u0105c  Baza w&nbsp;\u015are\u00admie nie by\u0142a \u2013 jak obie\u00adcy\u00adwa\u0142 od mie\u00adsi\u0105\u00adca zarz\u0105d\u00adca \u2013 przy\u00adgo\u00adto\u00adwa\u00adna na nasz pobyt. Tutaj natra\u00adfi\u00adli\u00ad\u015bmy na pro\u00adble\u00admy tech\u00adnicz\u00adne r\u00f3\u017c\u00adne\u00adgo rodza\u00adju. Jed\u00adnak c\u00f3\u017c to za pro\u00adblem na wytraw\u00adnych wod\u00adnia\u00adk\u00f3w? \u2013 zro\u00adbi\u0107 prysz\u00adnic z&nbsp;w\u0119\u017ca ogro\u00addo\u00adwe\u00adgo albo poszu\u00adka\u0107 toa\u00adle\u00adty z&nbsp;saper\u00adk\u0105 w&nbsp;tere\u00adnie? Na szcz\u0119\u00ad\u015bcie baza s\u0105sia\u00addu\u00adje z&nbsp;otwar\u00adty\u00admi tere\u00adna\u00admi.  Wie\u00adcz\u00f3r by\u0142 pogod\u00adny wi\u0119c \u201e<a>ruszy\u00adli\u00ad\u015bmy <\/a>w&nbsp;mia\u00adsto\u201d, by spraw\u00addzi\u0107 kuch\u00adni\u0119 regio\u00adnal\u00adn\u0105. Pole\u00adca\u00admy \u2013 by\u0142o war\u00adto!  W&nbsp;nocy pada\u00ad\u0142o chwi\u00adl\u0119. Jed\u00adnak zanim si\u0119 zdo\u00ad\u0142a\u00adli\u00ad\u015bmy pozbie\u00adra\u0107 po \u015bnia\u00adda\u00adniu, wszyst\u00adko zd\u0105\u00ad\u017cy\u00ad\u0142o wyschn\u0105\u0107. S\u0142o\u0144\u00adca zno\u00adwu dla nas wr\u00f3ci\u0142o.<\/p>\n\n\n\n<figure class=\"wp-block-image size-large\"><a href=\"https:\/\/kicinlen.pl\/wp-content\/uploads\/2021\/08\/image-4.png\"><img loading=\"lazy\" width=\"136\" height=\"251\" src=\"https:\/\/kicinlen.pl\/wp-content\/uploads\/2021\/08\/image-4.png\" alt class=\"wp-image-1314\" srcset=\"https:\/\/kicinlen.pl\/wp-content\/uploads\/2021\/08\/image-4.png 136w, https:\/\/kicinlen.pl\/wp-content\/uploads\/2021\/08\/image-4-108x200.png 108w\" sizes=\"(max-width: 136px) 100vw, 136px\"><\/a><\/figure>\n\n\n\n<figure class=\"wp-block-image size-large\"><a href=\"https:\/\/kicinlen.pl\/wp-content\/uploads\/2021\/08\/image-5.png\"><img loading=\"lazy\" width=\"451\" height=\"251\" src=\"https:\/\/kicinlen.pl\/wp-content\/uploads\/2021\/08\/image-5.png\" alt class=\"wp-image-1315\" srcset=\"https:\/\/kicinlen.pl\/wp-content\/uploads\/2021\/08\/image-5.png 451w, https:\/\/kicinlen.pl\/wp-content\/uploads\/2021\/08\/image-5-300x167.png 300w, https:\/\/kicinlen.pl\/wp-content\/uploads\/2021\/08\/image-5-200x111.png 200w\" sizes=\"(max-width: 451px) 100vw, 451px\"><\/a><\/figure>\n\n\n\n<ul><li><strong>Dzie\u0144 3<\/strong> \u2013 Start port rzecz\u00adny w&nbsp;\u015are\u00admie \u2013 meta: pla\u00ad\u017ca w&nbsp;pobli\u00ad\u017cu &nbsp;&nbsp;drew\u00adnia\u00adne\u00adgo ko\u015bcio\u00ad\u0142a w&nbsp;Roga\u00adlin\u00adku. Odci\u00adnek ok. 27 km. Po kolej\u00adnym, roz\u00adko\u00ad\u0142y\u00adsa\u00adnym i&nbsp;s\u0142o\u00adnecz\u00adnym, dniu cze\u00adka\u00ad\u0142a na nas prze\u00adsta\u0144 na \u201edzi\u00adko\u201d w&nbsp;Roga\u00adlin\u00adku. Tutaj, wie\u00addz\u0105c wcze\u00ad\u015bniej o&nbsp;sytu\u00adacji, zosta\u00ad\u0142y zam\u00f3\u00adwio\u00adne WC-Toy\u00adtoy oraz sta\u00adcja z&nbsp;wod\u0105 do mycia. Wie\u00adcz\u00f3r chcia\u0142 nam popsu\u0107 humor kr\u00f3t\u00adko\u00adtrwa\u00ad\u0142ym desz\u00adczem, lecz <a href=\"http:\/\/byli\u015bmy\" data-type=\"URL\" data-id=\"byli\u015bmy\">byli\u00ad\u015bmy<\/a> i&nbsp;na to przy\u00adgo\u00adto\u00adwa\u00adni, zama\u00adwia\u00adj\u0105c kola\u00adcj\u0119 w&nbsp;kli\u00adma\u00adtycz\u00adnej restau\u00adra\u00adcji przy\u00adpo\u00admi\u00adna\u00adj\u0105\u00adcej jeden z&nbsp;pawi\u00adlo\u00adn\u00f3w pozna\u0144\u00adskiej pal\u00admiar\u00adni\u2026 pole\u00adca\u00admy i&nbsp;to miejsce.<\/li><\/ul>\n\n\n\n<figure class=\"wp-block-image size-large\"><a href=\"https:\/\/kicinlen.pl\/wp-content\/uploads\/2021\/08\/image-6.png\"><img loading=\"lazy\" width=\"576\" height=\"391\" src=\"https:\/\/kicinlen.pl\/wp-content\/uploads\/2021\/08\/image-6.png\" alt class=\"wp-image-1316\" srcset=\"https:\/\/kicinlen.pl\/wp-content\/uploads\/2021\/08\/image-6.png 576w, https:\/\/kicinlen.pl\/wp-content\/uploads\/2021\/08\/image-6-300x204.png 300w, https:\/\/kicinlen.pl\/wp-content\/uploads\/2021\/08\/image-6-200x136.png 200w\" sizes=\"(max-width: 576px) 100vw, 576px\"><\/a><\/figure>\n\n\n\n<hr class=\"wp-block-separator\">\n\n\n\n<ul><li><strong>Dzie\u0144 4<\/strong> \u2013 Start: Roga\u00adli\u00adnek \u2013 meta: mari\u00adna Czerwonak.<\/li><\/ul>\n\n\n\n<p><strong>&nbsp;&nbsp;&nbsp;&nbsp;&nbsp;&nbsp;&nbsp; <\/strong>Ok.32 km<\/p>\n\n\n\n<p>Na ostat\u00adni dzie\u0144 przy\u00adwi\u00adta\u0142 nas s\u0142o\u00adnecz\u00adnym poran\u00adkiem. Na brze\u00adgach poja\u00adwia\u00ad\u0142o si\u0119 coraz wi\u0119\u00adcej zabu\u00addo\u00adwa\u0144 \u2013 to znak, \u017ce zbli\u00ad\u017ca\u00admy si\u0119 do Lubo\u00adnia i&nbsp;Pozna\u00adnia. Cza\u00adsu du\u017co, wi\u0119c wod\u00adniac\u00adkim zwy\u00adcza\u00adjem robi\u00admy z&nbsp;kaja\u00adk\u00f3w \u201etra\u00adtw\u0119\u201d i&nbsp;p\u0142y\u00adnie\u00admy tak kolej\u00adne kilo\u00adme\u00adtry. Dop\u0142y\u00adwa\u00admy do Pozna\u00adnia \u2013 b\u0119dzie czas na prze\u00adrw\u0119&nbsp; lody na przy\u00adsta\u00adni przy War\u00adto\u00adstra\u00addzie. Przed nami jesz\u00adcze 40 min. do celu\u2026.. a&nbsp;tam nasza czer\u00adwo\u00adnac\u00adka mari\u00adna, kt\u00f3\u00adra w&nbsp;por\u00f3w\u00adna\u00adniu z&nbsp;opi\u00adsa\u00adny\u00admi powy\u00ad\u017cej spra\u00adwia wra\u00ad\u017ce\u00adnie wr\u0119cz dosko\u00adna\u00ad\u0142e. Wida\u0107 dba\u00ad\u0142o\u015b\u0107 o&nbsp;czy\u00adsto\u015b\u0107, orga\u00adni\u00adza\u00adcj\u0119 i&nbsp;otwr\u00adto\u015b\u0107 w&nbsp;sto\u00adsun\u00adku do go\u015bci. Bra\u00adwo dla Akwe\u00adnu. Dodat\u00adko\u00adwo cze\u00adka\u00ad\u0142a na nas jesz\u00adcze jed\u00adna nie\u00adspo\u00addzian\u00adka!  Zno\u00adwu \u015bwie\u00ad\u017ce dro\u017c\u00add\u017c\u00f3w\u00adki!! S\u0142od\u00adki pocz\u0105\u00adtek \u2013 s\u0142od\u00adki koniec. \u0141\u0105cz\u00adnie 134 km i&nbsp;chcia\u00ad\u0142o\u00adby si\u0119 wi\u0119cej.<\/p>\n\n\n\n<figure class=\"wp-block-image size-large\"><a href=\"https:\/\/kicinlen.pl\/wp-content\/uploads\/2021\/08\/image-7.png\"><img loading=\"lazy\" width=\"651\" height=\"342\" src=\"https:\/\/kicinlen.pl\/wp-content\/uploads\/2021\/08\/image-7.png\" alt class=\"wp-image-1317\" srcset=\"https:\/\/kicinlen.pl\/wp-content\/uploads\/2021\/08\/image-7.png 651w, https:\/\/kicinlen.pl\/wp-content\/uploads\/2021\/08\/image-7-300x158.png 300w, https:\/\/kicinlen.pl\/wp-content\/uploads\/2021\/08\/image-7-200x105.png 200w\" sizes=\"(max-width: 651px) 100vw, 651px\"><\/a><\/figure>\n\n\n\n<hr class=\"wp-block-separator\">\n\n\n\n<p>&nbsp;<\/p>\n\n\n\n<p>Robert Mici\u00adniak<\/p>\n\n\n\n<p>Uczest\u00adnik sp\u0142ywu<\/p>\n","protected":false},"excerpt":{"rendered":"<p>Chcia\u00ad\u0142o\u00adby si\u0119 powie\u00addzie\u0107 \u201esp\u0142y\u00adwa\u00admy przed Covi\u00addem\u201d albo \u201eA jed\u00adnak si\u0119 uda\u00ad\u0142o\u201d!!. D\u0142u\u00adgo ocze\u00adki\u00adwa\u00adny i&nbsp;zapo\u00adwia\u00adda\u00adny, przez nowy zarz\u0105d nasze\u00adgo sto\u00adwa\u00adrzy\u00adsze\u00adnia, sp\u0142yw kaja\u00adko\u00adwy po rze\u00adce War\u00adcie na odcin\u00adku od miej\u00adsco\u00adwo\u00ad\u015bci L\u0105d do Czer\u00adwo\u00adna\u00adka, uda\u00ad\u0142o si\u0119 zre\u00adali\u00adzo\u00adwa\u0107 przy sprzy\u00adja\u00adj\u0105\u00adcej pogo\u00addzie i&nbsp;w&nbsp;dobrych humo\u00adrach! 26-tego gru\u00adpa sk\u0142a\u00adda\u00ad\u0142a si\u0119 z&nbsp;cz\u0142on\u00adk\u00f3w sto\u00adwa\u00adrzy\u00adsze\u00adnia oraz sym\u00adpa\u00adty\u00adk\u00f3w i&nbsp;liczy\u00ad\u0142a 22 oso\u00adby. Naj\u00adm\u0142od\u00adszy w\u015br\u00f3d nas&nbsp;Leon&nbsp;[\u2026]<\/p>\n","protected":false},"author":1,"featured_media":0,"comment_status":"closed","ping_status":"closed","sticky":false,"template":"","format":"standard","meta":{"wp_typography_post_enhancements_disabled":false},"categories":[25,1],"tags":[],"_links":{"self":[{"href":"https:\/\/kicinlen.pl\/index.php?rest_route=\/wp\/v2\/posts\/1309"}],"collection":[{"href":"https:\/\/kicinlen.pl\/index.php?rest_route=\/wp\/v2\/posts"}],"about":[{"href":"https:\/\/kicinlen.pl\/index.php?rest_route=\/wp\/v2\/types\/post"}],"author":[{"embeddable":true,"href":"https:\/\/kicinlen.pl\/index.php?rest_route=\/wp\/v2\/users\/1"}],"replies":[{"embeddable":true,"href":"https:\/\/kicinlen.pl\/index.php?rest_route=%2Fwp%2Fv2%2Fcomments&post=1309"}],"version-history":[{"count":3,"href":"https:\/\/kicinlen.pl\/index.php?rest_route=\/wp\/v2\/posts\/1309\/revisions"}],"predecessor-version":[{"id":1321,"href":"https:\/\/kicinlen.pl\/index.php?rest_route=\/wp\/v2\/posts\/1309\/revisions\/1321"}],"wp:attachment":[{"href":"https:\/\/kicinlen.pl\/index.php?rest_route=%2Fwp%2Fv2%2Fmedia&parent=1309"}],"wp:term":[{"taxonomy":"category","embeddable":true,"href":"https:\/\/kicinlen.pl\/index.php?rest_route=%2Fwp%2Fv2%2Fcategories&post=1309"},{"taxonomy":"post_tag","embeddable":true,"href":"https:\/\/kicinlen.pl\/index.php?rest_route=%2Fwp%2Fv2%2Ftags&post=1309"}],"curies":[{"name":"wp","href":"https:\/\/api.w.org\/{rel}","templated":true}]}}