{"id":1328,"date":"2021-09-10T11:19:00","date_gmt":"2021-09-10T09:19:00","guid":{"rendered":"https:\/\/kicinlen.pl\/?p=1328"},"modified":"2021-09-10T11:22:00","modified_gmt":"2021-09-10T09:22:00","slug":"glosowanie-na-projekt","status":"publish","type":"post","link":"https:\/\/kicinlen.pl\/?p=1328","title":{"rendered":"G\u0142osowanie na projekt"},"content":{"rendered":"\n<p>Witaj\u00adcie, pisz\u0119 w&nbsp;spra\u00adwie pro\u00adjek\u00adtu \u201anad kt\u00f3\u00adrym inten\u00adsyw\u00adnie pra\u00adcu\u00adje gru\u00adpa os\u00f3b , spra\u00adwa doty\u00adczy \u0142aw\u00adki mul\u00adti\u00adme\u00addial\u00adnej , kt\u00f3\u00adra jest cz\u0119\u00ad\u015bci\u0105 wi\u0119k\u00adsze\u00adgo pro\u00adjek\u00adtu histo\u00adrycz\u00adno-edu\u00adka\u00adcyj\u00adne\u00adgo&nbsp; . Pierw\u00adsza \u0142awecz\u00adka jak wie\u00adcie ma sta\u00adn\u0105\u0107 ko\u0142o ko\u015bcio\u00ad\u0142a w&nbsp;Kici\u00adnie i&nbsp;upa\u00admi\u0119t\u00adnia\u0107 Pro\u00adbosz\u00adcza Zbi\u00adgnie\u00adwa Paw\u00adla\u00adka , to tak na pocz\u0105\u00adtek kolej\u00adne to Jan&nbsp; Kocha\u00adnow\u00adski , August&nbsp; Ciesz\u00adkow\u00adski&nbsp; i&nbsp;nast\u0119p\u00adni .&nbsp;<em>(A teraz kr\u00f3t\u00adko , na \u0142aw\u00adce sie\u00addzi posta\u0107&nbsp; oso\u00adby upa\u00admi\u0119t\u00adnio\u00adnej przy \u0142aw\u00adce znaj\u00addu\u00adje si\u0119 kod <span class=\"caps\">QR<\/span> , kt\u00f3\u00adry mo\u017ce\u00admy zeska\u00adno\u00adwa\u0107 , dalej zosta\u00adnie\u00admy prze\u00adkie\u00adro\u00adwa\u00adni na stro\u00adn\u0119 z&nbsp;histo\u00adri\u0105 kt\u00f3\u00adr\u0105 prze\u00adczy\u00adta\u00admy , zoba\u00adczy\u00admy film lub zdj\u0119\u00adcia lub wys\u0142u\u00adcha\u00admy opo\u00adwie\u00ad\u015bci czy\u00adta\u00adnej przez lek\u00adto\u00adra na \u0142aw\u00adce mo\u017c\u00adna b\u0119dzie, przy\u00adsi\u0105\u015b\u0107 w&nbsp;kil\u00adka os\u00f3b )&nbsp;.<\/em>&nbsp;Ca\u0142o\u015b\u0107 pro\u00adjek\u00adtu chce\u00admy finan\u00adso\u00adwa\u0107 ze \u015brod\u00adk\u00f3w pozy\u00adska\u00adnych z&nbsp;zewn\u0105trz . Mag\u00adda i&nbsp;Pawe\u0142 ostro nad tym pra\u00adcu\u00adj\u0105.&nbsp; Obec\u00adnie zosta\u0142 roz\u00adpi\u00adsa\u00adny kon\u00adkurs w&nbsp;Gmi\u00adnie Czer\u00adwo\u00adnak gdzie apli\u00adku\u00adje\u00admy o&nbsp;\u015brod\u00adki.&nbsp;<br>Teraz od Wasze\u00adgo zaan\u00adga\u00ad\u017co\u00adwa\u00adnia oraz deter\u00admi\u00adna\u00adcji&nbsp; zale\u00ad\u017ce\u0107 b\u0119dzie czy pro\u00adjekt wystar\u00adtu\u00adje. Prze\u00adsy\u00ad\u0142am Wam dro\u00addzy S\u0105sie\u00addzi ulot\u00adk\u0119 w , kt\u00f3\u00adr\u0105 wyko\u00adrzy\u00adstaj\u00adcie w&nbsp;poczcie elek\u00adtro\u00adnicz\u00adnej lub w&nbsp;mediach spo\u00ad\u0142ecz\u00adno\u00ad\u015bciach . Nale\u00ad\u017cy pami\u0119\u00adta\u0107 , \u017ce to ilo\u015b\u0107 odda\u00adnych g\u0142o\u00ads\u00f3w zade\u00adcy\u00addu\u00adje o&nbsp;powo\u00addze\u00adniu pro\u00adjek\u00adtu. Pami\u0119\u00adta\u0107 nale\u00ad\u017cy , \u017ce Kicin jest pi\u0119k\u00adny ma r\u00f3w\u00adnie\u017c cie\u00adka\u00adw\u0105 histo\u00adri\u0119 ale nie jest p\u0119p\u00adkiem \u015bwia\u00adta. Teraz licz\u0105 si\u0119 pla\u00adce zabaw , urz\u0105\u00addze\u00adnia aero\u00adbo\u00adwe i&nbsp;inne pomy\u00ads\u0142y r\u00f3w\u00adnie war\u00adto\u00ad\u015bcio\u00adwe.&nbsp;<br>Odsy\u00ad\u0142am r\u00f3w\u00adnie\u017c do lin\u00adku z&nbsp;g\u0142o\u00adso\u00adwa\u00adniem nasz pro\u00adjekt to 5 .<br><a href=\"https:\/\/czerwonak.konsultacjejst.pl\/budzet-obywatelski\">https:\/\/czerwonak.konsultacjejst.pl\/budzet-obywatelski<\/a><br>Oso\u00adby zaan\u00adga\u00ad\u017co\u00adwa\u00adne i&nbsp;popie\u00adra\u00adj\u0105\u00adce pro\u00adjekt pro\u00adsz\u0119 o&nbsp;uzu\u00adpe\u0142\u00adnie\u00adnie moje\u00adgo listu.&nbsp;<br>Z&nbsp;g\u00f3ry dzi\u0119\u00adku\u00adj\u0119 za zaan\u00adga\u00ad\u017co\u00adwa\u00adnie .<br>Do zoba\u00adcze\u00adnia na zebra\u00adniu cz\u0142on\u00adkow\u00adskim .<br>Czwar\u00adtek 16.09.2021. godz. 19.30&nbsp; Wigwam . Tadeusz&nbsp;<\/p>\n\n\n\n<figure class=\"wp-block-image size-large\"><a href=\"https:\/\/kicinlen.pl\/wp-content\/uploads\/2021\/09\/Lawka-Multimedialna-A.png\"><img loading=\"lazy\" width=\"1024\" height=\"724\" src=\"https:\/\/kicinlen.pl\/wp-content\/uploads\/2021\/09\/Lawka-Multimedialna-A-1024x724.png\" alt class=\"wp-image-1331\" srcset=\"https:\/\/kicinlen.pl\/wp-content\/uploads\/2021\/09\/Lawka-Multimedialna-A-1024x724.png 1024w, https:\/\/kicinlen.pl\/wp-content\/uploads\/2021\/09\/Lawka-Multimedialna-A-300x212.png 300w, https:\/\/kicinlen.pl\/wp-content\/uploads\/2021\/09\/Lawka-Multimedialna-A-768x543.png 768w, https:\/\/kicinlen.pl\/wp-content\/uploads\/2021\/09\/Lawka-Multimedialna-A-200x142.png 200w, https:\/\/kicinlen.pl\/wp-content\/uploads\/2021\/09\/Lawka-Multimedialna-A.png 1200w\" sizes=\"(max-width: 1024px) 100vw, 1024px\"><\/a><\/figure>\n","protected":false},"excerpt":{"rendered":"<p>Witaj\u00adcie, pisz\u0119 w&nbsp;spra\u00adwie pro\u00adjek\u00adtu \u201anad kt\u00f3\u00adrym inten\u00adsyw\u00adnie pra\u00adcu\u00adje gru\u00adpa os\u00f3b , spra\u00adwa doty\u00adczy \u0142aw\u00adki mul\u00adti\u00adme\u00addial\u00adnej , kt\u00f3\u00adra jest cz\u0119\u00ad\u015bci\u0105 wi\u0119k\u00adsze\u00adgo pro\u00adjek\u00adtu histo\u00ad\u00adry\u00adcz\u00adno-edu\u00ad\u00adka\u00ad\u00adcy\u00adj\u00adne\u00ad\u00adgo&nbsp; . Pierw\u00adsza \u0142awecz\u00adka jak wie\u00adcie ma sta\u00adn\u0105\u0107 ko\u0142o ko\u015bcio\u00ad\u0142a w&nbsp;Kici\u00adnie i&nbsp;upa\u00admi\u0119t\u00adnia\u0107 Pro\u00adbosz\u00adcza Zbi\u00adgnie\u00adwa Paw\u00adla\u00adka , to tak na pocz\u0105\u00adtek kolej\u00adne to Jan&nbsp; Kocha\u00adnow\u00adski , August&nbsp; Ciesz\u00adkow\u00adski&nbsp; i&nbsp;nast\u0119p\u00adni .&nbsp;(A teraz kr\u00f3t\u00adko , na&nbsp;\u0142awce&nbsp;[\u2026]<\/p>\n","protected":false},"author":1,"featured_media":0,"comment_status":"closed","ping_status":"closed","sticky":false,"template":"","format":"standard","meta":{"wp_typography_post_enhancements_disabled":false},"categories":[1],"tags":[],"_links":{"self":[{"href":"https:\/\/kicinlen.pl\/index.php?rest_route=\/wp\/v2\/posts\/1328"}],"collection":[{"href":"https:\/\/kicinlen.pl\/index.php?rest_route=\/wp\/v2\/posts"}],"about":[{"href":"https:\/\/kicinlen.pl\/index.php?rest_route=\/wp\/v2\/types\/post"}],"author":[{"embeddable":true,"href":"https:\/\/kicinlen.pl\/index.php?rest_route=\/wp\/v2\/users\/1"}],"replies":[{"embeddable":true,"href":"https:\/\/kicinlen.pl\/index.php?rest_route=%2Fwp%2Fv2%2Fcomments&post=1328"}],"version-history":[{"count":2,"href":"https:\/\/kicinlen.pl\/index.php?rest_route=\/wp\/v2\/posts\/1328\/revisions"}],"predecessor-version":[{"id":1332,"href":"https:\/\/kicinlen.pl\/index.php?rest_route=\/wp\/v2\/posts\/1328\/revisions\/1332"}],"wp:attachment":[{"href":"https:\/\/kicinlen.pl\/index.php?rest_route=%2Fwp%2Fv2%2Fmedia&parent=1328"}],"wp:term":[{"taxonomy":"category","embeddable":true,"href":"https:\/\/kicinlen.pl\/index.php?rest_route=%2Fwp%2Fv2%2Fcategories&post=1328"},{"taxonomy":"post_tag","embeddable":true,"href":"https:\/\/kicinlen.pl\/index.php?rest_route=%2Fwp%2Fv2%2Ftags&post=1328"}],"curies":[{"name":"wp","href":"https:\/\/api.w.org\/{rel}","templated":true}]}}