{"id":1336,"date":"2022-03-02T07:54:38","date_gmt":"2022-03-02T06:54:38","guid":{"rendered":"https:\/\/kicinlen.pl\/?p=1336"},"modified":"2022-03-02T09:36:23","modified_gmt":"2022-03-02T08:36:23","slug":"zeszyt-kicinski","status":"publish","type":"post","link":"https:\/\/kicinlen.pl\/?p=1336","title":{"rendered":"Zeszyt Kici\u0144ski"},"content":{"rendered":"\n<p>&nbsp;&nbsp;&nbsp; Kicin, sty\u00adcze\u0144&nbsp;2022<\/p>\n\n\n\n<p>Jak dobrze wie\u00addzie\u0107 wi\u0119cej,<\/p>\n\n\n\n<p>Dro\u00adgi inter\u00adnau\u00adto \u2013 sko\u00adro czy\u00adtasz ju\u017c nasz\u0105 stro\u00adn\u0119, to wnio\u00adsku\u00adj\u0119, \u017ce inte\u00adre\u00adsu\u00adje Ci\u0119 Kicin i&nbsp;jego oko\u00adli\u00adca. Powi\u00adnie\u00adne\u015b wie\u00addzie\u0107, \u017ce wyda\u00adli\u00ad\u015bmy kolej\u00adne \u201eZeszy\u00adty Kici\u0144\u00adskie\u201d a&nbsp;w nich: kapi\u00adtal\u00adne opra\u00adco\u00adwa\u00adnie doty\u00adcz\u0105\u00adce naszej histo\u00adrycz\u00adno-przy\u00adrod\u00adni\u00adczej dro\u00adgi \u0142\u0105cz\u0105\u00adcej Kicin i&nbsp;Wierzenic\u0119.<\/p>\n\n\n\n<p>Zapra\u00adsza\u00admy do zapo\u00adzna\u00adnia si\u0119 z&nbsp;t\u0105 publi\u00adka\u00adcj\u0105. W&nbsp;cie\u00adka\u00adwy i&nbsp;zwi\u0119\u00adz\u0142y spo\u00ads\u00f3b mo\u017cesz dowie\u00addzie\u0107 si\u0119 napraw\u00add\u0119 du\u017co o&nbsp;tym kici\u0144\u00adskim szlaku.<\/p>\n\n\n\n<p>Du\u017co tzn. o&nbsp;uwa\u00adrun\u00adko\u00adwa\u00adniach przy\u00adrod\u00adni\u00adczych, s\u0142\u00f3w kil\u00adka o&nbsp;histo\u00adrii, zwi\u0119\u00adz\u0142y opis tego co wyda\u00adrza si\u0119 na tej dro\u00addze w&nbsp;naszych czasach.<\/p>\n\n\n\n<p>Wie\u00addza ta pozwo\u00adli na inne spoj\u00adrze\u00adnie a&nbsp;mo\u017ce wspo\u00admo\u00ad\u017ce w&nbsp;dokszta\u0142\u00adce\u00adniu dzie\u00adci i&nbsp;m\u0142odzie\u017cy.<\/p>\n\n\n\n<p>Liczy\u00admy na Pa\u0144\u00adstwa komen\u00adta\u00adrze i&nbsp;wnio\u00adski po prze\u00adczy\u00adta\u00adniu tej nie\u00adwiel\u00adkiej for\u00adma\u00adto\u00adwo, lektury.<\/p>\n\n\n\n<p>Zeszyt s\u0105 jesz\u00adcze dost\u0119p\u00adne. Mo\u017c\u00adna je zam\u00f3wi\u0107:<\/p>\n\n\n\n<p>Tele\u00adfon <strong>722 111&nbsp;550<\/strong><\/p>\n\n\n\n<p>Lub poprzez adres: len.biuro.kicin@wp.pl<\/p>\n\n\n\n<p>Auto\u00adrzy opra\u00adco\u00adwa\u00adnia: bio\u00adlog Zbi\u00adgniew Cel\u00adka, kra\u00adjo\u00adznaw\u00adca Leszek Lesicz\u00adka, polo\u00adni\u00adsta Micha\u0142 Rataj\u00adczak oraz histo\u00adryk Witold Tyborowski.<\/p>\n","protected":false},"excerpt":{"rendered":"<p>&nbsp;&nbsp;&nbsp; Kicin, sty\u00adcze\u0144&nbsp;2022 Jak dobrze wie\u00addzie\u0107 wi\u0119\u00adcej, Dro\u00adgi inter\u00adnau\u00adto \u2013 sko\u00adro czy\u00adtasz ju\u017c nasz\u0105 stro\u00adn\u0119, to wnio\u00adsku\u00adj\u0119, \u017ce inte\u00adre\u00adsu\u00adje Ci\u0119 Kicin i&nbsp;jego oko\u00adli\u00adca. Powi\u00adnie\u00adne\u015b wie\u00addzie\u0107, \u017ce wyda\u00adli\u00ad\u015bmy kolej\u00adne \u201eZeszy\u00adty Kici\u0144\u00adskie\u201d a&nbsp;w&nbsp;nich: kapi\u00adtal\u00adne opra\u00adco\u00adwa\u00adnie doty\u00adcz\u0105\u00adce naszej histo\u00ad\u00adry\u00adcz\u00adno-przy\u00ad\u00adro\u00add\u00adni\u00ad\u00adczej dro\u00adgi \u0142\u0105cz\u0105\u00adcej Kicin i&nbsp;Wie\u00adrze\u00adni\u00adc\u0119. Zapra\u00adsza\u00admy do zapo\u00adzna\u00adnia si\u0119 z&nbsp;t\u0105 publi\u00adka\u00adcj\u0105. W&nbsp;cie\u00adka\u00adwy i&nbsp;zwi\u0119\u00adz\u0142y spo\u00ads\u00f3b mo\u017cesz dowie\u00addzie\u0107 si\u0119 napraw\u00add\u0119&nbsp;du\u017co&nbsp;[\u2026]<\/p>\n","protected":false},"author":2,"featured_media":1291,"comment_status":"closed","ping_status":"closed","sticky":false,"template":"","format":"standard","meta":{"wp_typography_post_enhancements_disabled":false},"categories":[25],"tags":[],"_links":{"self":[{"href":"https:\/\/kicinlen.pl\/index.php?rest_route=\/wp\/v2\/posts\/1336"}],"collection":[{"href":"https:\/\/kicinlen.pl\/index.php?rest_route=\/wp\/v2\/posts"}],"about":[{"href":"https:\/\/kicinlen.pl\/index.php?rest_route=\/wp\/v2\/types\/post"}],"author":[{"embeddable":true,"href":"https:\/\/kicinlen.pl\/index.php?rest_route=\/wp\/v2\/users\/2"}],"replies":[{"embeddable":true,"href":"https:\/\/kicinlen.pl\/index.php?rest_route=%2Fwp%2Fv2%2Fcomments&post=1336"}],"version-history":[{"count":1,"href":"https:\/\/kicinlen.pl\/index.php?rest_route=\/wp\/v2\/posts\/1336\/revisions"}],"predecessor-version":[{"id":1337,"href":"https:\/\/kicinlen.pl\/index.php?rest_route=\/wp\/v2\/posts\/1336\/revisions\/1337"}],"wp:featuredmedia":[{"embeddable":true,"href":"https:\/\/kicinlen.pl\/index.php?rest_route=\/wp\/v2\/media\/1291"}],"wp:attachment":[{"href":"https:\/\/kicinlen.pl\/index.php?rest_route=%2Fwp%2Fv2%2Fmedia&parent=1336"}],"wp:term":[{"taxonomy":"category","embeddable":true,"href":"https:\/\/kicinlen.pl\/index.php?rest_route=%2Fwp%2Fv2%2Fcategories&post=1336"},{"taxonomy":"post_tag","embeddable":true,"href":"https:\/\/kicinlen.pl\/index.php?rest_route=%2Fwp%2Fv2%2Ftags&post=1336"}],"curies":[{"name":"wp","href":"https:\/\/api.w.org\/{rel}","templated":true}]}}