{"id":1350,"date":"2022-06-13T13:31:42","date_gmt":"2022-06-13T11:31:42","guid":{"rendered":"https:\/\/kicinlen.pl\/?p=1350"},"modified":"2022-06-13T15:09:37","modified_gmt":"2022-06-13T13:09:37","slug":"koncert-na-wodzie-sasiedzi-jakich-nie-znacie-25-05-2022","status":"publish","type":"post","link":"https:\/\/kicinlen.pl\/?p=1350","title":{"rendered":"Koncert na wodzie \u2014 s\u0105siedzi jakich nie znacie \u2014 25.06.2022"},"content":{"rendered":"\n<p><\/p>\n\n\n\n<figure class=\"wp-block-image size-large\"><a href=\"https:\/\/kicinlen.pl\/wp-content\/uploads\/2022\/06\/image.png\"><img loading=\"lazy\" width=\"604\" height=\"853\" src=\"https:\/\/kicinlen.pl\/wp-content\/uploads\/2022\/06\/image.png\" alt class=\"wp-image-1357\" srcset=\"https:\/\/kicinlen.pl\/wp-content\/uploads\/2022\/06\/image.png 604w, https:\/\/kicinlen.pl\/wp-content\/uploads\/2022\/06\/image-212x300.png 212w, https:\/\/kicinlen.pl\/wp-content\/uploads\/2022\/06\/image-142x200.png 142w\" sizes=\"(max-width: 604px) 100vw, 604px\"><\/a><\/figure>\n\n\n\n<p>Sto\u00adwa\u00adrzy\u00adsze\u00adnie <span class=\"caps\">LEN<\/span> ju\u017c dzi\u00adsiaj ser\u00addecz\u00adnie zapra\u00adsza mi\u0142o\u00ad\u015bni\u00adk\u00f3w muzy\u00adki do Kici\u00adna. Pla\u00adnu\u00adje\u00admy zor\u00adga\u00adni\u00adzo\u00adwa\u00adnie kon\u00adcer\u00adtu na wodzie pod tytu\u00ad\u0142em \u201eS\u0105sie\u00addzi, jakich nie zna\u00adcie\u201d. Kon\u00adcert roz\u00adpocz\u00adnie si\u0119 przy staw\u00adku o&nbsp;godzi\u00adnie 22 i&nbsp;potrwa ok. 1,5 godzi\u00adny. Wyst\u0105\u00adpi\u0105 pro\u00adfe\u00adsjo\u00adnal\u00adni muzy\u00adcy miesz\u00adka\u00adj\u0105\u00adcy na tere\u00adnie gmi\u00adny Czer\u00adwo\u00adnak oraz go\u015bcie z&nbsp;Ukra\u00adiny:<br>Emi\u00adlia Szysz\u00adka \u2013 skrzyp\u00adce,<br>Adam Szysz\u00adka \u2013 for\u00adte\u00adpian,<br>Anna Hass-Nie\u00adwie\u00addzia\u0142 \u2013 for\u00adte\u00adpian,<br>Piotr Nie\u00adwie\u00addzia\u0142 \u2013 for\u00adte\u00adpian,<br>Jakub Czer\u00adski \u2013 pia\u00adni\u00adno,<br>Oli\u00adwia Smusz\u00adkie\u00adwicz \u2013 for\u00adte\u00adpian i&nbsp;flet,<br>Wik\u00adtor Smusz\u00adkie\u00adwicz \u2013 sak\u00adso\u00adfon,<br>Lesia Lish\u00adchen\u00adko \u2013 for\u00adte\u00adpian,<br>Vita\u00adlij Rufov \u2013 woka\u00adli\u00adsta,<br>Iry\u00adna Kyslen\u00adko \u2013 woka\u00adlist\u00adka.<br>Us\u0142y\u00adszy\u00admy r\u00f3w\u00adnie\u017c Orkie\u00adstr\u0119 KuSza \u2014 \u201eKul\u00adtur\u00adka i&nbsp;Sza\u00adcu\u00adne\u00adczek\u201d oraz Kici\u0144\u00adski Ch\u00f3r Kame\u00adral\u00adny.<br>Re\u017cy\u00adse\u00adrem kon\u00adcer\u00adtu b\u0119dzie nasz s\u0105siad, re\u017cy\u00adser i&nbsp;aktor Artur Roma\u0144\u00adski.<br>Wsp\u00f3\u0142\u00ador\u00adga\u00adni\u00adza\u00adto\u00adra\u00admi wyda\u00adrze\u00adnia, wraz ze Sto\u00adwa\u00adrzy\u00adsze\u00adniem <span class=\"caps\">LEN<\/span>, s\u0105 lokal\u00adne spo\u00ad\u0142ecz\u00adno\u00ad\u015bci \u2013 Ko\u0142o Gospo\u00addy\u0144 Wiej\u00adskich \u201eKli\u00adniec\u00adki Duet\u2019\u2019 oraz Rady So\u0142ec\u00adkie z&nbsp;Kici\u00adna oraz z&nbsp;Klin.<br>Wyda\u00adrze\u00adnie obj\u0105\u0142 hono\u00adro\u00adwym Patro\u00adna\u00adtem Pan Mar\u00adcin Wojt\u00adko\u00adwiak \u2014 W\u00f3jt Gmi\u00adny Czer\u00adwo\u00adnak.<br>Na kon\u00adcert zapra\u00adsza\u00admy wszyst\u00adkich, kt\u00f3\u00adrym bli\u00adska jest pi\u0119k\u00adna muzy\u00adka oraz malow\u00adni\u00adczy Kicin.Od godz. 19 zapra\u00adsza\u00admy na wsp\u00f3l\u00adn\u0105 bie\u00adsia\u00add\u0119 \u2014 na uli\u00adcy Wiej\u00adskiej (przy pla\u00adcu zabaw i&nbsp;si\u0142ow\u00adni) usta\u00adwi\u00admy dla Was wiel\u00adkie sto\u00ad\u0142y, tak aby\u00ad\u015bcie mogli usi\u0105\u015b\u0107 w\u015br\u00f3d swo\u00adich bli\u017c\u00adszych i&nbsp;dal\u00adszych s\u0105sia\u00add\u00f3w. Przy\u00adnie\u00ad\u015bcie co\u015b smacz\u00adne\u00adgo na wsp\u00f3l\u00adny st\u00f3\u0142 \u2013 przy\u00adda\u00addz\u0105 si\u0119 sa\u0142at\u00adki i&nbsp;co\u015b s\u0142od\u00adkie\u00adgo. Pami\u0119\u00adtaj\u00adcie o&nbsp;napo\u00adjach oraz o&nbsp;papie\u00adro\u00adwych naczy\u00adniach \u2013 tale\u00adrzy\u00adkach, kubecz\u00adkach, sztu\u0107cach.Spotkanie uroz\u00adma\u00adic\u0105 warsz\u00adta\u00adty two\u00adrze\u00adnia \u201elalek mota\u00adnek\u201d, ple\u00adce\u00adnia wian\u00adk\u00f3w oraz two\u00adrze\u00adnia witra\u00ad\u017cy z&nbsp;kwia\u00adt\u00f3w, kt\u00f3\u00adre przy\u00adgo\u00adtu\u00adj\u0105 panie z&nbsp;Ko\u0142a Gospo\u00addy\u0144 Wiej\u00adskich \u201eKli\u00adniec\u00adki Duet\u201d, a&nbsp;go\u015bcie z&nbsp;Ukra\u00adiny zapro\u00adpo\u00adnu\u00adj\u0105 warsz\u00adta\u00adty lepie\u00adnia ukra\u00adi\u0144\u00adskich pierog\u00f3w.Wszystkim nam doskwie\u00adra brak cza\u00adsu. Zatrzy\u00admaj\u00admy si\u0119 na chwi\u00adl\u0119. Sp\u0119d\u017a\u00admy ten wie\u00adcz\u00f3r wsp\u00f3l\u00adnie w&nbsp;towa\u00adrzy\u00adstwie s\u0105sia\u00add\u00f3w i&nbsp;zna\u00adjo\u00admych. Niech ten czas b\u0119dzie oka\u00adzj\u0105 do spo\u00adtka\u00adnia przy pi\u0119k\u00adnej muzy\u00adce. Zabierz\u00adcie bli\u00adskich i&nbsp;rodzi\u00adn\u0119 \u2013 poczuj\u00admy razem moc naszej spo\u0142eczno\u015bci!<\/p>\n","protected":false},"excerpt":{"rendered":"<p>Sto\u00adwa\u00adrzy\u00adsze\u00adnie <span class=\"caps\">LEN<\/span> ju\u017c dzi\u00adsiaj ser\u00addecz\u00adnie zapra\u00adsza mi\u0142o\u00ad\u015bni\u00adk\u00f3w muzy\u00adki do Kici\u00adna. Pla\u00adnu\u00adje\u00admy zor\u00adga\u00adni\u00adzo\u00adwa\u00adnie kon\u00adcer\u00adtu na wodzie pod tytu\u00ad\u0142em \u201eS\u0105sie\u00addzi, jakich nie zna\u00adcie\u201d. Kon\u00adcert roz\u00adpocz\u00adnie si\u0119 przy staw\u00adku o&nbsp;godzi\u00adnie 22 i&nbsp;potrwa ok. 1,5 godzi\u00adny. Wyst\u0105\u00adpi\u0105 pro\u00adfe\u00adsjo\u00adnal\u00adni muzy\u00adcy miesz\u00adka\u00adj\u0105\u00adcy na tere\u00adnie gmi\u00adny Czer\u00adwo\u00adnak oraz go\u015bcie z&nbsp;Ukra\u00adiny:Emi\u00adlia Szysz\u00adka \u2013 skrzyp\u00adce,Adam Szysz\u00adka \u2013 for\u00adte\u00adpian,Anna Hass-Nie\u00ad\u00adwie\u00ad\u00addzia\u0142 \u2013 for\u00adte\u00adpian,Piotr Nie\u00adwie\u00addzia\u0142 \u2013 for\u00adte\u00adpian,Jakub [\u2026]<\/p>\n","protected":false},"author":2,"featured_media":0,"comment_status":"closed","ping_status":"closed","sticky":false,"template":"","format":"standard","meta":{"wp_typography_post_enhancements_disabled":false},"categories":[1],"tags":[],"_links":{"self":[{"href":"https:\/\/kicinlen.pl\/index.php?rest_route=\/wp\/v2\/posts\/1350"}],"collection":[{"href":"https:\/\/kicinlen.pl\/index.php?rest_route=\/wp\/v2\/posts"}],"about":[{"href":"https:\/\/kicinlen.pl\/index.php?rest_route=\/wp\/v2\/types\/post"}],"author":[{"embeddable":true,"href":"https:\/\/kicinlen.pl\/index.php?rest_route=\/wp\/v2\/users\/2"}],"replies":[{"embeddable":true,"href":"https:\/\/kicinlen.pl\/index.php?rest_route=%2Fwp%2Fv2%2Fcomments&post=1350"}],"version-history":[{"count":3,"href":"https:\/\/kicinlen.pl\/index.php?rest_route=\/wp\/v2\/posts\/1350\/revisions"}],"predecessor-version":[{"id":1358,"href":"https:\/\/kicinlen.pl\/index.php?rest_route=\/wp\/v2\/posts\/1350\/revisions\/1358"}],"wp:attachment":[{"href":"https:\/\/kicinlen.pl\/index.php?rest_route=%2Fwp%2Fv2%2Fmedia&parent=1350"}],"wp:term":[{"taxonomy":"category","embeddable":true,"href":"https:\/\/kicinlen.pl\/index.php?rest_route=%2Fwp%2Fv2%2Fcategories&post=1350"},{"taxonomy":"post_tag","embeddable":true,"href":"https:\/\/kicinlen.pl\/index.php?rest_route=%2Fwp%2Fv2%2Ftags&post=1350"}],"curies":[{"name":"wp","href":"https:\/\/api.w.org\/{rel}","templated":true}]}}