{"id":1386,"date":"2022-08-22T08:52:07","date_gmt":"2022-08-22T06:52:07","guid":{"rendered":"https:\/\/kicinlen.pl\/?p=1386"},"modified":"2022-08-22T08:54:55","modified_gmt":"2022-08-22T06:54:55","slug":"wystawa-fotografii-artystki-fotografki-barbary-koleckiej-herman","status":"publish","type":"post","link":"https:\/\/kicinlen.pl\/?p=1386","title":{"rendered":"Wystawa fotografii artystki, fotografki Barbary Ko\u0142eckiej- Herman"},"content":{"rendered":"\n<p>Zgod\u00adnie z&nbsp;wcze\u00ad\u015bniej\u00adsz\u0105 zapo\u00adwie\u00addzi\u0105 otwar\u00adli\u00ad\u015bmy wysta\u00adw\u0119 zdj\u0119\u0107 z&nbsp;Kon\u00adcer\u00adtu na wodzie, w&nbsp;kt\u00f3\u00adrej uczest\u00adni\u00adczy\u00adli&nbsp;&nbsp;miesz\u00adka\u0144\u00adcy gmi\u00adny , pra\u00adcow\u00adni\u00adcy urz\u0119\u00addu&nbsp;&nbsp;oraz autor\u00adka zdj\u0119\u0107 Pani Bar\u00adba\u00adra Ko\u0142ec\u00adka Herman&nbsp;.<\/p>\n\n\n\n<p>Wysta\u00adwa jest kon\u00adty\u00adnu\u00adacj\u0105 szer\u00adsze\u00adgo pro\u00adjek\u00adtu \u201akt\u00f3\u00adry zamie\u00adrza\u00admy powt\u00f3\u00adrzy\u0107 w&nbsp;przy\u00adsz\u0142ym roku . Zapra\u00adsza\u00admy do Urz\u0119\u00addu Gmi\u00adny Czer\u00adwo\u00adnak , hall pierw\u00adsze pi\u0119\u00adtro.&nbsp;Wysta\u00adwa potrwa do 19 pa\u017a\u00addzier\u00adni\u00adka.  Nast\u0119p\u00adnie poka\u00ad\u017ce\u00admy j\u0105 W&nbsp;Cen\u00adtrum Rekre\u00adacji i&nbsp;Spor\u00adtu w&nbsp;Kozie\u00adg\u0142o\u00adwach od dnia 21 pa\u017a\u00addzier\u00adni\u00adka&nbsp;2022.<\/p>\n\n\n\n<p>&nbsp;Zapra\u00adsza\u00admy \u201aSto\u00adwa\u00adrzy\u00adsze\u00adnie Len z&nbsp;Kicina<\/p>\n\n\n\n<figure class=\"wp-block-image size-large\"><a href=\"https:\/\/kicinlen.pl\/wp-content\/uploads\/2022\/08\/image-1.png\"><img loading=\"lazy\" width=\"657\" height=\"684\" src=\"https:\/\/kicinlen.pl\/wp-content\/uploads\/2022\/08\/image-1.png\" alt class=\"wp-image-1390\" srcset=\"https:\/\/kicinlen.pl\/wp-content\/uploads\/2022\/08\/image-1.png 657w, https:\/\/kicinlen.pl\/wp-content\/uploads\/2022\/08\/image-1-288x300.png 288w, https:\/\/kicinlen.pl\/wp-content\/uploads\/2022\/08\/image-1-192x200.png 192w\" sizes=\"(max-width: 657px) 100vw, 657px\"><\/a><\/figure>\n","protected":false},"excerpt":{"rendered":"<p>Zgod\u00adnie z&nbsp;wcze\u00ad\u015bniej\u00adsz\u0105 zapo\u00adwie\u00addzi\u0105 otwar\u00adli\u00ad\u015bmy wysta\u00adw\u0119 zdj\u0119\u0107 z&nbsp;Kon\u00adcer\u00adtu na wodzie, w&nbsp;kt\u00f3\u00adrej uczest\u00adni\u00adczy\u00adli&nbsp;&nbsp;miesz\u00adka\u0144\u00adcy gmi\u00adny , pra\u00adcow\u00adni\u00adcy urz\u0119\u00addu&nbsp;&nbsp;oraz autor\u00adka zdj\u0119\u0107 Pani Bar\u00adba\u00adra Ko\u0142ec\u00adka Her\u00adman&nbsp;. Wysta\u00adwa jest kon\u00adty\u00adnu\u00adacj\u0105 szer\u00adsze\u00adgo pro\u00adjek\u00adtu \u201akt\u00f3\u00adry zamie\u00adrza\u00admy powt\u00f3\u00adrzy\u0107 w&nbsp;przy\u00adsz\u0142ym roku . Zapra\u00adsza\u00admy do Urz\u0119\u00addu Gmi\u00adny Czer\u00adwo\u00adnak , hall pierw\u00adsze pi\u0119\u00adtro.&nbsp;Wysta\u00adwa potrwa do 19 pa\u017a\u00addzier\u00adni\u00adka. Nast\u0119p\u00adnie poka\u00ad\u017ce\u00admy j\u0105 W&nbsp;Cen\u00adtrum Rekre\u00adacji i&nbsp;Spor\u00adtu w&nbsp;Kozie\u00adg\u0142o\u00adwach od dnia&nbsp;21&nbsp;[\u2026]<\/p>\n","protected":false},"author":2,"featured_media":0,"comment_status":"closed","ping_status":"closed","sticky":false,"template":"","format":"standard","meta":{"wp_typography_post_enhancements_disabled":false},"categories":[1],"tags":[],"_links":{"self":[{"href":"https:\/\/kicinlen.pl\/index.php?rest_route=\/wp\/v2\/posts\/1386"}],"collection":[{"href":"https:\/\/kicinlen.pl\/index.php?rest_route=\/wp\/v2\/posts"}],"about":[{"href":"https:\/\/kicinlen.pl\/index.php?rest_route=\/wp\/v2\/types\/post"}],"author":[{"embeddable":true,"href":"https:\/\/kicinlen.pl\/index.php?rest_route=\/wp\/v2\/users\/2"}],"replies":[{"embeddable":true,"href":"https:\/\/kicinlen.pl\/index.php?rest_route=%2Fwp%2Fv2%2Fcomments&post=1386"}],"version-history":[{"count":4,"href":"https:\/\/kicinlen.pl\/index.php?rest_route=\/wp\/v2\/posts\/1386\/revisions"}],"predecessor-version":[{"id":1391,"href":"https:\/\/kicinlen.pl\/index.php?rest_route=\/wp\/v2\/posts\/1386\/revisions\/1391"}],"wp:attachment":[{"href":"https:\/\/kicinlen.pl\/index.php?rest_route=%2Fwp%2Fv2%2Fmedia&parent=1386"}],"wp:term":[{"taxonomy":"category","embeddable":true,"href":"https:\/\/kicinlen.pl\/index.php?rest_route=%2Fwp%2Fv2%2Fcategories&post=1386"},{"taxonomy":"post_tag","embeddable":true,"href":"https:\/\/kicinlen.pl\/index.php?rest_route=%2Fwp%2Fv2%2Ftags&post=1386"}],"curies":[{"name":"wp","href":"https:\/\/api.w.org\/{rel}","templated":true}]}}