{"id":1413,"date":"2022-10-27T11:11:49","date_gmt":"2022-10-27T09:11:49","guid":{"rendered":"https:\/\/kicinlen.pl\/?p=1413"},"modified":"2022-10-27T11:13:02","modified_gmt":"2022-10-27T09:13:02","slug":"stowarzyszenie-len","status":"publish","type":"post","link":"https:\/\/kicinlen.pl\/?p=1413","title":{"rendered":"Stowarzyszenie <span class=\"caps\">LEN<\/span>"},"content":{"rendered":"\n<p>Dro\u00addzy S\u0105siedzi<\/p>\n\n\n\n<p>&nbsp;Sto\u00adwa\u00adrzy\u00adsze\u00adnie Len dzia\u00ad\u0142a w&nbsp;naszej oko\u00adli\u00adcy ju\u017c kil\u00adka\u00adna\u00ad\u015bcie lat . Cz\u0142on\u00adko\u00adwie Sto\u00adwa\u00adrzy\u00adsze\u00adnia pocho\u00addz\u0105 z&nbsp;r\u00f3\u017c\u00adnych \u015bro\u00addo\u00adwisk i&nbsp;w wi\u0119k\u00adszo\u00ad\u015bci s\u0105 miesz\u00adka\u0144\u00adca\u00admi &nbsp;Kici\u00adna i&nbsp;okolicy&nbsp;.<\/p>\n\n\n\n<p><strong><u>Nasze mot\u00adto : \u0141\u0105czy\u00admy chc\u0105\u00adcych dzia\u0142a\u0107&nbsp;!<\/u><\/strong><\/p>\n\n\n\n<p>Zapra\u00adsza\u00admy oso\u00adby z&nbsp;oko\u00adli\u00adcy do udzia\u00ad\u0142u w&nbsp;pra\u00adcach sto\u00adwa\u00adrzy\u00adsze\u00adnia , reali\u00adzu\u00adje\u00admy wie\u00adle pro\u00adjek\u00adt\u00f3w z&nbsp;zakre\u00adsu kul\u00adtu\u00adry , rekre\u00adacji oraz zwi\u0105\u00adza\u00adnych z&nbsp;\u015bro\u00addo\u00adwi\u00adskiem. Chce\u00admy by\u0107 g\u0142o\u00adsem spo\u00ad\u0142ecz\u00adnym, w&nbsp;kt\u00f3\u00adry ws\u0142u\u00adchu\u00adje si\u0119 lokal\u00adna w\u0142a\u00addza Gmi\u00adny Czer\u00adwo\u00adnak oraz Powia\u00adtu Pozna\u0144skiego&nbsp;.<\/p>\n\n\n\n<p>Oso\u00adby aktyw\u00adne spo\u00ad\u0142ecz\u00adnie znaj\u00add\u0105 u&nbsp;nas wspar\u00adcie. Je\u015bli macie pomys\u0142 , posta\u00adra\u00admy si\u0119 go zre\u00adali\u00adzo\u00adwa\u0107 &nbsp;&nbsp;wsp\u00f3l\u00adnie . Przez ostat\u00adnie lata zre\u00adali\u00adzo\u00adwa\u00adli\u00ad\u015bmy wie\u00adle pro\u00adjek\u00adt\u00f3w .&nbsp; Orga\u00adni\u00adzo\u00adwa\u00adli\u00ad\u015bmy sp\u0142y\u00adwy kaja\u00adko\u00adwe , wyciecz\u00adki kra\u00adjo\u00adznaw\u00adcze, pik\u00adni\u00adki, kon\u00adcer\u00adty i&nbsp;wysta\u00adwy. Byli\u00ad\u015bmy i&nbsp;jeste\u00ad\u015bmy jedy\u00adn\u0105 umo\u00adco\u00adwa\u00adn\u0105 stro\u00adn\u0105 w&nbsp;post\u0119\u00adpo\u00adwa\u00adniu w&nbsp;spra\u00adwie hali maga\u00adzy\u00adno\u00adwej w&nbsp;Janikowie.<\/p>\n\n\n\n<p>Jeste\u00ad\u015bmy otwar\u00adci na dia\u00adlog. Zapra\u00adsza\u00admy na spo\u00adtka\u00adnie , pod\u00adczas kt\u00f3\u00adre\u00adgo b\u0119dzie\u00admy mogli si\u0119 pozna\u0107 i&nbsp;poroz\u00adma\u00adwia\u0107 o&nbsp;tym co nas&nbsp;\u0142\u0105czy&nbsp;.<\/p>\n\n\n\n<p>Ter\u00admin spo\u00adtka\u00adnia to 24.11 .2022 &nbsp;&nbsp;( czwar\u00adtek ) godzi\u00adna 20.00 w&nbsp;Jutrzen\u00adce \u201auli\u00adca &nbsp;Nowe Osie\u00addle w&nbsp;Kici\u00adnie . tel. 722&nbsp;111&nbsp;550<\/p>\n\n\n\n<p>P.S. Dzi\u0119\u00adku\u00adje\u00admy naszym s\u0105sia\u00addom za bez\u00adin\u00adte\u00adre\u00adsow\u00adn\u0105 zgo\u00add\u0119 na umiesz\u00adcze\u00adnie bane\u00adr\u00f3w na tere\u00adnie prywatnym.<\/p>\n\n\n\n<p>Zapra\u00adsza\u00admy na spotkanie&nbsp;,<\/p>\n\n\n\n<p>&nbsp;Cz\u0142on\u00adko\u00adwie Sto\u00adwa\u00adrzy\u00adsze\u00adnia&nbsp;Len<\/p>\n\n\n\n<figure class=\"wp-block-image size-large\"><a href=\"https:\/\/kicinlen.pl\/wp-content\/uploads\/2022\/10\/image-1.png\"><img loading=\"lazy\" width=\"691\" height=\"514\" src=\"https:\/\/kicinlen.pl\/wp-content\/uploads\/2022\/10\/image-1.png\" alt class=\"wp-image-1415\" srcset=\"https:\/\/kicinlen.pl\/wp-content\/uploads\/2022\/10\/image-1.png 691w, https:\/\/kicinlen.pl\/wp-content\/uploads\/2022\/10\/image-1-300x223.png 300w, https:\/\/kicinlen.pl\/wp-content\/uploads\/2022\/10\/image-1-200x149.png 200w\" sizes=\"(max-width: 691px) 100vw, 691px\"><\/a><\/figure>\n","protected":false},"excerpt":{"rendered":"<p>Dro\u00addzy S\u0105sie\u00addzi &nbsp;Sto\u00adwa\u00adrzy\u00adsze\u00adnie Len dzia\u00ad\u0142a w&nbsp;naszej oko\u00adli\u00adcy ju\u017c kil\u00adka\u00adna\u00ad\u015bcie lat . Cz\u0142on\u00adko\u00adwie Sto\u00adwa\u00adrzy\u00adsze\u00adnia pocho\u00addz\u0105 z&nbsp;r\u00f3\u017c\u00adnych \u015bro\u00addo\u00adwisk i&nbsp;w&nbsp;wi\u0119k\u00adszo\u00ad\u015bci s\u0105 miesz\u00adka\u0144\u00adca\u00admi &nbsp;Kici\u00adna i&nbsp;oko\u00adli\u00adcy&nbsp;. Nasze mot\u00adto : \u0141\u0105czy\u00admy chc\u0105\u00adcych dzia\u00ad\u0142a\u0107&nbsp;! Zapra\u00adsza\u00admy oso\u00adby z&nbsp;oko\u00adli\u00adcy do udzia\u00ad\u0142u w&nbsp;pra\u00adcach sto\u00adwa\u00adrzy\u00adsze\u00adnia , reali\u00adzu\u00adje\u00admy wie\u00adle pro\u00adjek\u00adt\u00f3w z&nbsp;zakre\u00adsu kul\u00adtu\u00adry , rekre\u00adacji oraz zwi\u0105\u00adza\u00adnych z&nbsp;\u015bro\u00addo\u00adwi\u00adskiem. Chce\u00admy by\u0107 g\u0142o\u00adsem spo\u00ad\u0142ecz\u00adnym, w&nbsp;kt\u00f3\u00adry ws\u0142u\u00adchu\u00adje si\u0119 lokal\u00adna w\u0142adza&nbsp;[\u2026]<\/p>\n","protected":false},"author":2,"featured_media":0,"comment_status":"closed","ping_status":"closed","sticky":false,"template":"","format":"standard","meta":{"wp_typography_post_enhancements_disabled":false},"categories":[1],"tags":[],"_links":{"self":[{"href":"https:\/\/kicinlen.pl\/index.php?rest_route=\/wp\/v2\/posts\/1413"}],"collection":[{"href":"https:\/\/kicinlen.pl\/index.php?rest_route=\/wp\/v2\/posts"}],"about":[{"href":"https:\/\/kicinlen.pl\/index.php?rest_route=\/wp\/v2\/types\/post"}],"author":[{"embeddable":true,"href":"https:\/\/kicinlen.pl\/index.php?rest_route=\/wp\/v2\/users\/2"}],"replies":[{"embeddable":true,"href":"https:\/\/kicinlen.pl\/index.php?rest_route=%2Fwp%2Fv2%2Fcomments&post=1413"}],"version-history":[{"count":2,"href":"https:\/\/kicinlen.pl\/index.php?rest_route=\/wp\/v2\/posts\/1413\/revisions"}],"predecessor-version":[{"id":1416,"href":"https:\/\/kicinlen.pl\/index.php?rest_route=\/wp\/v2\/posts\/1413\/revisions\/1416"}],"wp:attachment":[{"href":"https:\/\/kicinlen.pl\/index.php?rest_route=%2Fwp%2Fv2%2Fmedia&parent=1413"}],"wp:term":[{"taxonomy":"category","embeddable":true,"href":"https:\/\/kicinlen.pl\/index.php?rest_route=%2Fwp%2Fv2%2Fcategories&post=1413"},{"taxonomy":"post_tag","embeddable":true,"href":"https:\/\/kicinlen.pl\/index.php?rest_route=%2Fwp%2Fv2%2Ftags&post=1413"}],"curies":[{"name":"wp","href":"https:\/\/api.w.org\/{rel}","templated":true}]}}