{"id":1429,"date":"2022-12-29T19:47:43","date_gmt":"2022-12-29T18:47:43","guid":{"rendered":"https:\/\/kicinlen.pl\/?p=1429"},"modified":"2023-01-02T21:56:06","modified_gmt":"2023-01-02T20:56:06","slug":"trakt-story","status":"publish","type":"post","link":"https:\/\/kicinlen.pl\/?p=1429","title":{"rendered":"Trakt story"},"content":{"rendered":"\n<p>Sza\u00adnow\u00adni Pa\u0144stwo<\/p>\n\n\n\n<p>Odda\u00adje\u00admy z&nbsp;wiel\u00adk\u0105 przy\u00adjem\u00adno\u00ad\u015bci\u0105 w&nbsp;Wasze r\u0119ce cie\u00adka\u00adwe opra\u00adco\u00adwa\u00adnie czy\u00adli pro\u00adjekt&nbsp;, nad kt\u00f3\u00adrym pra\u00adco\u00adwa\u00adli\u00ad\u015bmy w&nbsp;Sto\u00adwa\u00adrzy\u00adsze\u00adniu Len przez ostat\u00adni rok.&nbsp;Zach\u0119\u00adca\u00admy do zapo\u00adzna\u00adnie si\u0119 z&nbsp;opo\u00adwie\u00ad\u015bci\u0105 o&nbsp;\u017cyciu Kici\u00adna&nbsp;&nbsp;wczo\u00adraj i&nbsp;dzi\u00adsiaj.&nbsp;Podzie\u00adli\u00adli\u00ad\u015bmy opra\u00adco\u00adwa\u00adnie na kil\u00adka opowie\u015bci&nbsp;.<\/p>\n\n\n\n<p>Jeste\u00ad\u015bmy prze\u00adko\u00adna\u00adni , \u017ce b\u0119d\u0105 dla Was jed\u00adna\u00adko\u00adwo inte\u00adre\u00adsu\u00adj\u0105\u00adce,  adres to: &nbsp;&nbsp;<a rel=\"noreferrer noopener\" target=\"_blank\" href=\"https:\/\/traktstory.pl\/\">https:\/\/traktstory.pl\/<\/a><\/p>\n\n\n\n<p>Wszyst\u00adkim oso\u00adbom \u201akt\u00f3\u00adre w\u0142\u0105\u00adczy\u00ad\u0142y si\u0119 w&nbsp;powsta\u00adnie tego pro\u00adjek\u00adtu bar\u00addzo dzi\u0119\u00adku\u00adj\u0119 . Wiel\u00adkie podzi\u0119\u00adko\u00adwa\u00adnia dla Mag\u00addy i&nbsp;Paw\u00ad\u0142a pomy\u00ads\u0142o\u00addaw\u00adc\u00f3w naszej opo\u00adwie\u00ad\u015bci oraz dla Dawi\u00adda \u0141osi\u0144\u00adskie\u00adgo i&nbsp;Jana Dud\u00adka. Dzi\u0119\u00adku\u00adj\u0119 za pra\u00adc\u0119, kt\u00f3\u00adr\u0105 wyko\u00adna\u00adli, aby ta opo\u00adwie\u015b\u0107 dosta\u00ad\u0142a swo\u00adje wiecz\u00adne \u017cycie .&nbsp;&nbsp;Bez zaufa\u00adnia Lokal\u00adnej Gru\u00adpy Dzia\u00ad\u0142a\u00adnia \u201e Trakt Pia\u00adst\u00f3w \u2018\u2019 nie dosz\u0142o\u00adby do reali\u00adza\u00adcji tego pro\u00adjek\u00adtu.&nbsp;&nbsp;Dzi\u0119\u00adku\u00adj\u0119 r\u00f3w\u00adnie\u017c wszyst\u00adkim oso\u00adbom , kt\u00f3\u00adre podzie\u00adli\u00ad\u0142y si\u0119 swo\u00adj\u0105 wie\u00addz\u0105 o&nbsp;Kicinie.&nbsp;<\/p>\n\n\n\n<p>Mam nadzie\u00adj\u0119 , \u017ce opra\u00adco\u00adwa\u00adnie b\u0119dzie dalej rozwijane.<\/p>\n\n\n\n<p>Korzy\u00adsta\u00adli\u00ad\u015bmy z&nbsp;opra\u00adco\u00adwa\u0144 lokal\u00adnych tw\u00f3r\u00adc\u00f3w oraz auto\u00adr\u00f3w, g\u0142\u00f3w\u00adnie z&nbsp;<span class=\"caps\">KICIN<\/span> <span class=\"caps\">PRZEZ<\/span> <span class=\"caps\">WIEKI<\/span> Histo\u00adria wsi na obrze\u00ad\u017cach Aglo\u00adme\u00adra\u00adcji Pozna\u0144skiej&nbsp;.<\/p>\n\n\n\n<p>Zapra\u00adsza\u00admy do dzie\u00adle\u00adnia si\u0119 opi\u00adni\u0105 na naszym Facebooku,zach\u0119cam do polu\u00adbie\u00adnia nasze\u00adgo kon\u00adta na Face\u00adbo\u00adok&nbsp;:&nbsp;<a rel=\"noreferrer noopener\" target=\"_blank\" href=\"https:\/\/www.facebook.com\/Lenkicin\">https:\/\/www.facebook.com\/Lenkicin<\/a><\/p>\n\n\n\n<p>Cz\u0142on\u00adko\u00adwie Sto\u00adwa\u00adrzy\u00adsze\u00adnia Len\u201e Bo razem mo\u017ce\u00admy wi\u0119cej\u2019\u2019<\/p>\n\n\n\n<p><strong>Pro\u00adjekt \u201eSto\u00adwa\u00adrzy\u00adsze\u00adnie na Rzecz Zr\u00f3w\u00adno\u00adwa\u00ad\u017co\u00adne\u00adgo Roz\u00adwo\u00adju Kici\u00adna i&nbsp;Oko\u00adlic \u2013 \u201e<span class=\"caps\">LEN<\/span>\u201d Trakt\u00adSto\u00adry \u2013 Mul\u00adti\u00adme\u00addial\u00adny Sys\u00adtem Infor\u00adma\u00adcyj\u00adny\u201d<\/strong> <strong>jest reali\u00adzo\u00adwa\u00adny ze \u015brod\u00adk\u00f3w Lokal\u00adnej Gru\u00adpy Dzia\u00ad\u0142a\u00adnia \u201eTrakt Pia\u00adst\u00f3w\u201d,<\/strong> <strong>w&nbsp;ramach Pro\u00adgra\u00admu Roz\u00adwo\u00adju Obsza\u00adr\u00f3w Wiej\u00adskich na lata 2014\u20132020.<\/strong> <strong>Euro\u00adpej\u00adski Fun dusz Rol\u00adny na rzecz Roz\u00adwo\u00adju Obsza\u00adr\u00f3w Wiej\u00adskich: Euro\u00adpa inwe\u00adstu\u00adje w&nbsp;obsza\u00adry wiejskie.<\/strong><br><\/p>\n\n\n\n<figure class=\"wp-block-image size-large is-resized\"><a href=\"https:\/\/kicinlen.pl\/wp-content\/uploads\/2023\/01\/image.png\"><img loading=\"lazy\" src=\"https:\/\/kicinlen.pl\/wp-content\/uploads\/2023\/01\/image.png\" alt class=\"wp-image-1435\" width=\"113\" height=\"94\"><\/a><\/figure>\n\n\n\n<p><\/p>\n\n\n\n<figure class=\"wp-block-image size-large is-resized\"><a href=\"https:\/\/kicinlen.pl\/wp-content\/uploads\/2023\/01\/Zrzut-ekranu-2023-01-02-214923-1.png\"><img loading=\"lazy\" src=\"https:\/\/kicinlen.pl\/wp-content\/uploads\/2023\/01\/Zrzut-ekranu-2023-01-02-214923-1.png\" alt class=\"wp-image-1440\" width=\"116\" height=\"116\" srcset=\"https:\/\/kicinlen.pl\/wp-content\/uploads\/2023\/01\/Zrzut-ekranu-2023-01-02-214923-1.png 246w, https:\/\/kicinlen.pl\/wp-content\/uploads\/2023\/01\/Zrzut-ekranu-2023-01-02-214923-1-150x150.png 150w, https:\/\/kicinlen.pl\/wp-content\/uploads\/2023\/01\/Zrzut-ekranu-2023-01-02-214923-1-100x100.png 100w, https:\/\/kicinlen.pl\/wp-content\/uploads\/2023\/01\/Zrzut-ekranu-2023-01-02-214923-1-200x200.png 200w\" sizes=\"(max-width: 116px) 100vw, 116px\"><\/a><\/figure>\n\n\n\n<p>Poni\u00ad\u017cej link do&nbsp;filmu.<\/p>\n\n\n\n<figure class=\"wp-block-embed is-type-video is-provider-youtube wp-block-embed-youtube wp-embed-aspect-16-9 wp-has-aspect-ratio\"><div class=\"wp-block-embed__wrapper\">\n<iframe loading=\"lazy\" title=\"#2 Ten o ko\u015bciele na g\u00f3rce - Trakt Story Kicin\" width=\"500\" height=\"281\" src=\"https:\/\/www.youtube.com\/embed\/Z6oafaQ5fz0?feature=oembed&amp;wmode=transparent\" frameborder=\"0\" allow=\"accelerometer; autoplay; clipboard-write; encrypted-media; gyroscope; picture-in-picture\" allowfullscreen><\/iframe>\n<\/div><\/figure>\n","protected":false},"excerpt":{"rendered":"<p>Sza\u00adnow\u00adni Pa\u0144\u00adstwo Odda\u00adje\u00admy z&nbsp;wiel\u00adk\u0105 przy\u00adjem\u00adno\u00ad\u015bci\u0105 w&nbsp;Wasze r\u0119ce cie\u00adka\u00adwe opra\u00adco\u00adwa\u00adnie czy\u00adli pro\u00adjekt&nbsp;, nad kt\u00f3\u00adrym pra\u00adco\u00adwa\u00adli\u00ad\u015bmy w&nbsp;Sto\u00adwa\u00adrzy\u00adsze\u00adniu Len przez ostat\u00adni rok.&nbsp;Zach\u0119\u00adca\u00admy do zapo\u00adzna\u00adnie si\u0119 z&nbsp;opo\u00adwie\u00ad\u015bci\u0105 o&nbsp;\u017cyciu Kici\u00adna&nbsp;&nbsp;wczo\u00adraj i&nbsp;dzi\u00adsiaj.&nbsp;Podzie\u00adli\u00adli\u00ad\u015bmy opra\u00adco\u00adwa\u00adnie na kil\u00adka opo\u00adwie\u00ad\u015bci&nbsp;. Jeste\u00ad\u015bmy prze\u00adko\u00adna\u00adni , \u017ce b\u0119d\u0105 dla Was jed\u00adna\u00adko\u00adwo inte\u00adre\u00adsu\u00adj\u0105\u00adce, adres to: &nbsp;&nbsp;https:\/\/traktstory.pl\/ Wszyst\u00adkim oso\u00adbom \u201akt\u00f3\u00adre w\u0142\u0105\u00adczy\u00ad\u0142y si\u0119 w&nbsp;powsta\u00adnie tego pro\u00adjek\u00adtu bar\u00addzo dzi\u0119\u00adku\u00adj\u0119 . Wiel\u00adkie podzi\u0119kowania&nbsp;[\u2026]<\/p>\n","protected":false},"author":2,"featured_media":0,"comment_status":"closed","ping_status":"closed","sticky":false,"template":"","format":"standard","meta":{"wp_typography_post_enhancements_disabled":false},"categories":[1],"tags":[],"_links":{"self":[{"href":"https:\/\/kicinlen.pl\/index.php?rest_route=\/wp\/v2\/posts\/1429"}],"collection":[{"href":"https:\/\/kicinlen.pl\/index.php?rest_route=\/wp\/v2\/posts"}],"about":[{"href":"https:\/\/kicinlen.pl\/index.php?rest_route=\/wp\/v2\/types\/post"}],"author":[{"embeddable":true,"href":"https:\/\/kicinlen.pl\/index.php?rest_route=\/wp\/v2\/users\/2"}],"replies":[{"embeddable":true,"href":"https:\/\/kicinlen.pl\/index.php?rest_route=%2Fwp%2Fv2%2Fcomments&post=1429"}],"version-history":[{"count":7,"href":"https:\/\/kicinlen.pl\/index.php?rest_route=\/wp\/v2\/posts\/1429\/revisions"}],"predecessor-version":[{"id":1442,"href":"https:\/\/kicinlen.pl\/index.php?rest_route=\/wp\/v2\/posts\/1429\/revisions\/1442"}],"wp:attachment":[{"href":"https:\/\/kicinlen.pl\/index.php?rest_route=%2Fwp%2Fv2%2Fmedia&parent=1429"}],"wp:term":[{"taxonomy":"category","embeddable":true,"href":"https:\/\/kicinlen.pl\/index.php?rest_route=%2Fwp%2Fv2%2Fcategories&post=1429"},{"taxonomy":"post_tag","embeddable":true,"href":"https:\/\/kicinlen.pl\/index.php?rest_route=%2Fwp%2Fv2%2Ftags&post=1429"}],"curies":[{"name":"wp","href":"https:\/\/api.w.org\/{rel}","templated":true}]}}