{"id":1443,"date":"2023-01-02T21:59:45","date_gmt":"2023-01-02T20:59:45","guid":{"rendered":"https:\/\/kicinlen.pl\/?p=1443"},"modified":"2023-01-02T21:59:45","modified_gmt":"2023-01-02T20:59:45","slug":"koncert-koled-kicinski-chor-kameralny","status":"publish","type":"post","link":"https:\/\/kicinlen.pl\/?p=1443","title":{"rendered":"Koncert kol\u0119d \u2013 Kici\u0144ski Ch\u00f3r Kameralny"},"content":{"rendered":"\n<p>5 stycz\u00adnia na godzi\u00adn\u0119 19:00 zapra\u00adsza\u00admy do Cen\u00adtrum Kul\u00adtu\u00adry i&nbsp;Rekre\u00adacji w&nbsp;Kozie\u00adg\u0142o\u00adwach na kon\u00adcert kol\u0119d w&nbsp;wyko\u00adna\u00adniu Kici\u0144\u00adskie\u00adgo Ch\u00f3\u00adru Kame\u00adral\u00adne\u00adgo. W&nbsp;pro\u00adgra\u00admie poja\u00adwi\u0105 si\u0119 zna\u00adne kol\u0119\u00addy w&nbsp;cie\u00adka\u00adwych aran\u00ad\u017ca\u00adcjach, a&nbsp;tak\u00ad\u017ce w&nbsp;opra\u00adco\u00adwa\u00adniu Jaro\u00ads\u0142a\u00adwa Kost\u00adki, zna\u00adne\u00adgo nam dobrze aran\u00ad\u017ce\u00adra jaz\u00adzo\u00adwe\u00adgo, pia\u00adni\u00adsty i&nbsp;kompozytora.<\/p>\n\n\n\n<p>Kici\u0144\u00adski Ch\u00f3r Kame\u00adral\u00adny zosta\u0142 za\u0142o\u00ad\u017co\u00adny przez Karo\u00adli\u00adn\u0119 Pio\u00adtrow\u00adsk\u0105-Sob\u00adczak , kt\u00f3\u00adra by\u0142a jego dyry\u00adgent\u00adk\u0105 przez 11 lat. W&nbsp;tym cza\u00adsie ch\u00f3r bra\u0142 udzia\u0142 w&nbsp;licz\u00adnych kon\u00adcer\u00adtach oraz kon\u00adkur\u00adsach. Gru\u00adp\u0119 licz\u0105\u00adc\u0105 oko\u00ad\u0142o 25 os\u00f3b po\u0142\u0105\u00adczy\u00ad\u0142a pasja do muzy\u00adki. W&nbsp;maju 2022 roku nast\u0105\u00adpi\u00ad\u0142a zmia\u00adna dyry\u00adgent\u00adki. Obec\u00adnie ch\u00f3r pro\u00adwa\u00addzi Anto\u00adni\u00adna Pedrycz, kt\u00f3\u00adra pod\u00adj\u0119\u00ad\u0142a si\u0119 tego zada\u00adnia z&nbsp;wiel\u00adkim entu\u00adzja\u00adzmem.<br>Na kon\u00adcert obo\u00adwi\u0105\u00adzu\u00adj\u0105 bez\u00adp\u0142at\u00adne wej\u00ad\u015bci\u00f3w\u00adki, kt\u00f3\u00adre mo\u017c\u00adna odbie\u00adra\u0107 w&nbsp;biu\u00adrach <span class=\"caps\">GOK<\/span> Sok\u00f3\u0142 w&nbsp;Czer\u00adwo\u00adna\u00adku i&nbsp;Kozie\u00adg\u0142o\u00adwach.<br>Ser\u00addecz\u00adnie zapraszamy<\/p>\n","protected":false},"excerpt":{"rendered":"<p>5 stycz\u00adnia na godzi\u00adn\u0119 19:00 zapra\u00adsza\u00admy do Cen\u00adtrum Kul\u00adtu\u00adry i&nbsp;Rekre\u00adacji w&nbsp;Kozie\u00adg\u0142o\u00adwach na kon\u00adcert kol\u0119d w&nbsp;wyko\u00adna\u00adniu Kici\u0144\u00adskie\u00adgo Ch\u00f3\u00adru Kame\u00adral\u00adne\u00adgo. W&nbsp;pro\u00adgra\u00admie poja\u00adwi\u0105 si\u0119 zna\u00adne kol\u0119\u00addy w&nbsp;cie\u00adka\u00adwych aran\u00ad\u017ca\u00adcjach, a&nbsp;tak\u00ad\u017ce w&nbsp;opra\u00adco\u00adwa\u00adniu Jaro\u00ads\u0142a\u00adwa Kost\u00adki, zna\u00adne\u00adgo nam dobrze aran\u00ad\u017ce\u00adra jaz\u00adzo\u00adwe\u00adgo, pia\u00adni\u00adsty i&nbsp;kom\u00adpo\u00adzy\u00adto\u00adra. Kici\u0144\u00adski Ch\u00f3r Kame\u00adral\u00adny zosta\u0142 za\u0142o\u00ad\u017co\u00adny przez Karo\u00adli\u00adn\u0119 Pio\u00ad\u00adtro\u00adw\u00adsk\u0105-Sob\u00adczak , kt\u00f3\u00adra by\u0142a jego dyry\u00adgent\u00adk\u0105 przez 11 lat. W&nbsp;tym cza\u00adsie&nbsp;ch\u00f3r&nbsp;[\u2026]<\/p>\n","protected":false},"author":2,"featured_media":0,"comment_status":"closed","ping_status":"closed","sticky":false,"template":"","format":"standard","meta":{"wp_typography_post_enhancements_disabled":false},"categories":[1],"tags":[],"_links":{"self":[{"href":"https:\/\/kicinlen.pl\/index.php?rest_route=\/wp\/v2\/posts\/1443"}],"collection":[{"href":"https:\/\/kicinlen.pl\/index.php?rest_route=\/wp\/v2\/posts"}],"about":[{"href":"https:\/\/kicinlen.pl\/index.php?rest_route=\/wp\/v2\/types\/post"}],"author":[{"embeddable":true,"href":"https:\/\/kicinlen.pl\/index.php?rest_route=\/wp\/v2\/users\/2"}],"replies":[{"embeddable":true,"href":"https:\/\/kicinlen.pl\/index.php?rest_route=%2Fwp%2Fv2%2Fcomments&post=1443"}],"version-history":[{"count":1,"href":"https:\/\/kicinlen.pl\/index.php?rest_route=\/wp\/v2\/posts\/1443\/revisions"}],"predecessor-version":[{"id":1444,"href":"https:\/\/kicinlen.pl\/index.php?rest_route=\/wp\/v2\/posts\/1443\/revisions\/1444"}],"wp:attachment":[{"href":"https:\/\/kicinlen.pl\/index.php?rest_route=%2Fwp%2Fv2%2Fmedia&parent=1443"}],"wp:term":[{"taxonomy":"category","embeddable":true,"href":"https:\/\/kicinlen.pl\/index.php?rest_route=%2Fwp%2Fv2%2Fcategories&post=1443"},{"taxonomy":"post_tag","embeddable":true,"href":"https:\/\/kicinlen.pl\/index.php?rest_route=%2Fwp%2Fv2%2Ftags&post=1443"}],"curies":[{"name":"wp","href":"https:\/\/api.w.org\/{rel}","templated":true}]}}