{"id":1446,"date":"2023-01-07T14:16:33","date_gmt":"2023-01-07T13:16:33","guid":{"rendered":"https:\/\/kicinlen.pl\/?p=1446"},"modified":"2023-01-07T14:18:09","modified_gmt":"2023-01-07T13:18:09","slug":"wystawa-prac-edward-gasior","status":"publish","type":"post","link":"https:\/\/kicinlen.pl\/?p=1446","title":{"rendered":"Wystawa prac \u2014 Edward G\u0105sior"},"content":{"rendered":"\n<p>We wto\u00adrek 17 stycz\u00adnia <span class=\"caps\">GOK<\/span> Sok\u00f3\u0142 zapra\u00adsza do Cen\u00adtrum Kul\u00adtu\u00adry i&nbsp;Rekre\u00adacji na wer\u00adni\u00adsa\u017c wysta\u00adwy prac pro\u00adfe\u00adso\u00adra Edwar\u00adda G\u0105sio\u00adra. Wer\u00adni\u00adsa\u017c roz\u00adpocz\u00adnie si\u0119 o&nbsp;godzi\u00adnie 18:00, a&nbsp;wysta\u00adw\u0119 b\u0119dzie mo\u017c\u00adna ogl\u0105\u00adda\u0107 do 2&nbsp;lute\u00adgo.<br>Pomy\u00ads\u0142o\u00addaw\u00adc\u0105 zor\u00adga\u00adni\u00adzo\u00adwa\u00adnia tej wysta\u00adwy by\u0142o Sto\u00adwa\u00adrzy\u00adsze\u00adnie Len z&nbsp;Kici\u00adna.<br>Pro\u00adfe\u00adsor Edward G\u0105sior uro\u00addzi\u0142 si\u0119 w&nbsp;gm. Wie\u00adlo\u00adpo\u00adle Skrzy\u0144\u00adskie, woje\u00adw\u00f3dz\u00adtwo Pod\u00adkar\u00adpac\u00adkie. Arty\u00adsta jest absol\u00adwen\u00adtem (1962), Pa\u0144\u00adstwo\u00adwe\u00adgo Liceum Tech\u00adnik Pla\u00adstycz\u00adnych w&nbsp;S\u0119dzi\u00adszo\u00adwie Ma\u0142o\u00adpol\u00adskim (obec\u00adnie Rze\u00adsz\u00f3w). W&nbsp;latach 1962\u20131968 stu\u00addio\u00adwa\u0142 malar\u00adstwo w&nbsp;<span class=\"caps\">PWSSP<\/span> w&nbsp;Pozna\u00adniu na Wydzia\u00adle Malar\u00adstwa Gra\u00adfi\u00adki i&nbsp;Rze\u017a\u00adby. Po otrzy\u00adma\u00adniu dyplo\u00admu z&nbsp;wyr\u00f3\u017c\u00adnie\u00adniem, pe\u0142\u00adni\u0142 funk\u00adcj\u0119 asy\u00adsten\u00adta w&nbsp;Kate\u00addrze Malar\u00adstwa do 1974 roku. Nast\u0119p\u00adnie pra\u00adco\u00adwa\u0142 w&nbsp;Uni\u00adwer\u00adsy\u00adte\u00adcie im. A. Mic\u00adkie\u00adwi\u00adcza: Insty\u00adtut Nowych Tech\u00adnik Kszta\u0142\u00adce\u00adnia oraz Wydzia\u0142 Peda\u00adgo\u00adgicz\u00adno-Arty\u00adstycz\u00adny w&nbsp;Kali\u00adszu, do 2013 roku. Pro\u00adfe\u00adsor <span class=\"caps\">UAM<\/span> na eme\u00adry\u00adtu\u00adrze two\u00adrzy kolej\u00adne obra\u00adzy w&nbsp;gmi\u00adnie Czer\u00adwo\u00adnak. Arty\u00adsta bra\u0142 udzia\u0142 w&nbsp;licz\u00adnych wysta\u00adwach zbio\u00adro\u00adwych malar\u00adstwa w&nbsp;tym m. inny\u00admi:<br>Pozna\u0144 i&nbsp;Wiel\u00adko\u00adpol\u00adska w&nbsp;Malar\u00adstwie, <span class=\"caps\">BWA<\/span> (1970), 50-lecie <span class=\"caps\">PWSSP<\/span>, Muzeum Naro\u00addo\u00adwe, Pozna\u0144 (1970), Og\u00f3l\u00adno\u00adpol\u00adska Wysta\u00adwa Malar\u00adstwa, <span class=\"caps\">BWA<\/span> \u0141\u00f3d\u017a (1970, 1972), Og\u00f3l\u00adno\u00adpol\u00adska Wysta\u00adwa \u2013 \u201ePor\u00adtret Cz\u0142o\u00adwie\u00adka\u201d, Cen\u00adtral\u00adne Biu\u00adro Wystaw Arty\u00adstycz\u00adnych \u201eZach\u0119\u00adta\u201d War\u00adsza\u00adwa (1971), Og\u00f3l\u00adno\u00adpol\u00adskie Bien\u00adna\u00adle M\u0142o\u00addych Tw\u00f3r\u00adc\u00f3w, BWA-Ruda \u015al\u0105\u00adska (1971) Wysta\u00adwa \u015aro\u00addo\u00adwi\u00adska Pozna\u0144\u00adskie\u00adgo, Brno-Cze\u00adcho\u00ads\u0142o\u00adwa\u00adcja 1972, Mi\u0119\u00addzy\u00adna\u00adro\u00addo\u00adwy Ple\u00adner Malar\u00adski, <span class=\"caps\">BWA<\/span> Byd\u00adgoszcz (1974), Mi\u0119\u00addzy\u00adna\u00adro\u00addo\u00adwy Ple\u00adner Malar\u00adski, P\u0142o\u00advdiw w&nbsp;Bu\u0142garii(1978), Arty\u00ad\u015bci Pozna\u00adnia, O\u015bro\u00addek Kul\u00adtu\u00adry Pol\u00adskiej- Ber\u00adlin 1982, \u201eWsp\u00f3\u0142\u00adcze\u00adsne Malar\u00adstwo Pozna\u0144\u00adskie\u201d, Ham\u00adburg (1990), \u201eSalon 96\u201d oraz \u201eSalon 99\u201d <span class=\"caps\">ZPAP<\/span>, Cen\u00adtrum Kul\u00adtu\u00adry-Zamek, Pozna\u0144, Arty\u00ad\u015bci Peda\u00adgo\u00addzy, Wydzia\u0142 Peda\u00adgo\u00adgicz\u00adno \u2013 Arty\u00adstycz\u00adny <span class=\"caps\">UAM<\/span> w&nbsp;Gustav-Lubc\u00adke-Museum, Hamm-Niem\u00adcy (2005), \u201eBien\u00adna\u00adle\u201d <span class=\"caps\">ZPAP<\/span>, Pozna\u0144 (2003, 2005, 2007) Mi\u0119\u00addzy\u00adna\u00adro\u00addo\u00adwy Ple\u00adner Malar\u00adski, Canak\u00adka\u00adle (2008).Wielokrotnie wysta\u00adwia\u0142 swo\u00adje obra\u00adzy o&nbsp;tema\u00adty\u00adce eko\u00adlo\u00adgicz\u00adnej w&nbsp;nur\u00adcie \u201eEko\u00adart\u201d na <span class=\"caps\">MTP<\/span> w&nbsp;Pozna\u00adniu oraz kom\u00adpo\u00adzy\u00adcje mary\u00adni\u00adstycz\u00adne na wysta\u00adwach Wiel\u00adko\u00adpol\u00adskie\u00adgo Oddzia\u00ad\u0142u Sto\u00adwa\u00adrzy\u00adsze\u00adnia Mary\u00adni\u00adst\u00f3w Pol\u00adskich.<br>Biu\u00adro Wystaw Arty\u00adstycz\u00adnych w&nbsp;Pozna\u00adniu orga\u00adni\u00adzo\u00adwa\u00ad\u0142o arty\u00ad\u015bcie licz\u00adne wysta\u00adwy autor\u00adskie malar\u00adstwa, po\u0142\u0105\u00adczo\u00adne z&nbsp;pre\u00adlek\u00adcja\u00admi na tere\u00adnie Wiel\u00adko\u00adpol\u00adski od 1970 roku(Pozna\u0144, Gnie\u00adzno, Gorz\u00f3w, Pi\u0142a, Lesz\u00adno, Ostr\u00f3w, \u015aro\u00adda, \u015arem, W\u0105gro\u00adwiec, Wrze\u00ad\u015bnia, Nowo\u00adgard, Stargart\u2026)<\/p>\n\n\n\n<figure class=\"wp-block-image size-large\"><a href=\"https:\/\/kicinlen.pl\/wp-content\/uploads\/2023\/01\/image-2.png\"><img loading=\"lazy\" width=\"442\" height=\"295\" src=\"https:\/\/kicinlen.pl\/wp-content\/uploads\/2023\/01\/image-2.png\" alt class=\"wp-image-1447\" srcset=\"https:\/\/kicinlen.pl\/wp-content\/uploads\/2023\/01\/image-2.png 442w, https:\/\/kicinlen.pl\/wp-content\/uploads\/2023\/01\/image-2-300x200.png 300w, https:\/\/kicinlen.pl\/wp-content\/uploads\/2023\/01\/image-2-150x100.png 150w, https:\/\/kicinlen.pl\/wp-content\/uploads\/2023\/01\/image-2-200x133.png 200w, https:\/\/kicinlen.pl\/wp-content\/uploads\/2023\/01\/image-2-250x166.png 250w\" sizes=\"(max-width: 442px) 100vw, 442px\"><\/a><\/figure>\n","protected":false},"excerpt":{"rendered":"<p>We wto\u00adrek 17 stycz\u00adnia <span class=\"caps\">GOK<\/span> Sok\u00f3\u0142 zapra\u00adsza do Cen\u00adtrum Kul\u00adtu\u00adry i&nbsp;Rekre\u00adacji na wer\u00adni\u00adsa\u017c wysta\u00adwy prac pro\u00adfe\u00adso\u00adra Edwar\u00adda G\u0105sio\u00adra. Wer\u00adni\u00adsa\u017c roz\u00adpocz\u00adnie si\u0119 o&nbsp;godzi\u00adnie 18:00, a&nbsp;wysta\u00adw\u0119 b\u0119dzie mo\u017c\u00adna ogl\u0105\u00adda\u0107 do 2&nbsp;lute\u00adgo.Pomy\u00ads\u0142o\u00addaw\u00adc\u0105 zor\u00adga\u00adni\u00adzo\u00adwa\u00adnia tej wysta\u00adwy by\u0142o Sto\u00adwa\u00adrzy\u00adsze\u00adnie Len z&nbsp;Kici\u00adna.Pro\u00adfe\u00adsor Edward G\u0105sior uro\u00addzi\u0142 si\u0119 w&nbsp;gm. Wie\u00adlo\u00adpo\u00adle Skrzy\u0144\u00adskie, woje\u00adw\u00f3dz\u00adtwo Pod\u00adkar\u00adpac\u00adkie. Arty\u00adsta jest absol\u00adwen\u00adtem (1962), Pa\u0144\u00adstwo\u00adwe\u00adgo Liceum Tech\u00adnik Pla\u00adstycz\u00adnych w&nbsp;S\u0119dzi\u00adszo\u00adwie Ma\u0142opolskim&nbsp;[\u2026]<\/p>\n","protected":false},"author":2,"featured_media":0,"comment_status":"closed","ping_status":"closed","sticky":false,"template":"","format":"standard","meta":{"wp_typography_post_enhancements_disabled":false},"categories":[1],"tags":[],"_links":{"self":[{"href":"https:\/\/kicinlen.pl\/index.php?rest_route=\/wp\/v2\/posts\/1446"}],"collection":[{"href":"https:\/\/kicinlen.pl\/index.php?rest_route=\/wp\/v2\/posts"}],"about":[{"href":"https:\/\/kicinlen.pl\/index.php?rest_route=\/wp\/v2\/types\/post"}],"author":[{"embeddable":true,"href":"https:\/\/kicinlen.pl\/index.php?rest_route=\/wp\/v2\/users\/2"}],"replies":[{"embeddable":true,"href":"https:\/\/kicinlen.pl\/index.php?rest_route=%2Fwp%2Fv2%2Fcomments&post=1446"}],"version-history":[{"count":2,"href":"https:\/\/kicinlen.pl\/index.php?rest_route=\/wp\/v2\/posts\/1446\/revisions"}],"predecessor-version":[{"id":1449,"href":"https:\/\/kicinlen.pl\/index.php?rest_route=\/wp\/v2\/posts\/1446\/revisions\/1449"}],"wp:attachment":[{"href":"https:\/\/kicinlen.pl\/index.php?rest_route=%2Fwp%2Fv2%2Fmedia&parent=1446"}],"wp:term":[{"taxonomy":"category","embeddable":true,"href":"https:\/\/kicinlen.pl\/index.php?rest_route=%2Fwp%2Fv2%2Fcategories&post=1446"},{"taxonomy":"post_tag","embeddable":true,"href":"https:\/\/kicinlen.pl\/index.php?rest_route=%2Fwp%2Fv2%2Ftags&post=1446"}],"curies":[{"name":"wp","href":"https:\/\/api.w.org\/{rel}","templated":true}]}}