{"id":1474,"date":"2023-04-24T11:07:36","date_gmt":"2023-04-24T09:07:36","guid":{"rendered":"https:\/\/kicinlen.pl\/?p=1474"},"modified":"2023-04-24T11:13:09","modified_gmt":"2023-04-24T09:13:09","slug":"sadzenie-drzew","status":"publish","type":"post","link":"https:\/\/kicinlen.pl\/?p=1474","title":{"rendered":"Sadzenie drzew"},"content":{"rendered":"\n<p>Za nami uda\u00adna sobot\u00adnia akcja sadze\u00adnia drzew. Wsp\u00f3l\u00adnie z&nbsp;So\u0142ec\u00adtwem Kicin, pra\u00adcow\u00adni\u00adka\u00admi Urz\u0119\u00addu Gmi\u00adny oraz cz\u0142on\u00adka\u00admi i&nbsp;sym\u00adpa\u00adty\u00adka\u00admi Sto\u00adwa\u00adrzy\u00adsze\u00adnia <span class=\"caps\">LEN<\/span> posa\u00addzi\u00adli\u00ad\u015bmy wzd\u0142u\u017c uli\u00adcy Ko\u015bciel\u00adnej jarz\u0105\u00adby szwedzkie.<\/p>\n\n\n\n<figure class=\"wp-block-image size-large is-resized\"><a href=\"https:\/\/kicinlen.pl\/wp-content\/uploads\/2023\/04\/Zrzut-ekranu-2023-04-24-110901.png\"><img loading=\"lazy\" src=\"https:\/\/kicinlen.pl\/wp-content\/uploads\/2023\/04\/Zrzut-ekranu-2023-04-24-110901.png\" alt class=\"wp-image-1478\" width=\"378\" height=\"438\" srcset=\"https:\/\/kicinlen.pl\/wp-content\/uploads\/2023\/04\/Zrzut-ekranu-2023-04-24-110901.png 622w, https:\/\/kicinlen.pl\/wp-content\/uploads\/2023\/04\/Zrzut-ekranu-2023-04-24-110901-259x300.png 259w, https:\/\/kicinlen.pl\/wp-content\/uploads\/2023\/04\/Zrzut-ekranu-2023-04-24-110901-173x200.png 173w\" sizes=\"(max-width: 378px) 100vw, 378px\"><\/a><\/figure>\n\n\n\n<figure class=\"wp-block-image size-large is-resized\"><a href=\"https:\/\/kicinlen.pl\/wp-content\/uploads\/2023\/04\/Zrzut-ekranu-2023-04-24-111023.png\"><img loading=\"lazy\" src=\"https:\/\/kicinlen.pl\/wp-content\/uploads\/2023\/04\/Zrzut-ekranu-2023-04-24-111023-1024x587.png\" alt class=\"wp-image-1480\" width=\"470\" height=\"269\" srcset=\"https:\/\/kicinlen.pl\/wp-content\/uploads\/2023\/04\/Zrzut-ekranu-2023-04-24-111023-1024x587.png 1024w, https:\/\/kicinlen.pl\/wp-content\/uploads\/2023\/04\/Zrzut-ekranu-2023-04-24-111023-300x172.png 300w, https:\/\/kicinlen.pl\/wp-content\/uploads\/2023\/04\/Zrzut-ekranu-2023-04-24-111023-768x440.png 768w, https:\/\/kicinlen.pl\/wp-content\/uploads\/2023\/04\/Zrzut-ekranu-2023-04-24-111023-200x115.png 200w, https:\/\/kicinlen.pl\/wp-content\/uploads\/2023\/04\/Zrzut-ekranu-2023-04-24-111023.png 1095w\" sizes=\"(max-width: 470px) 100vw, 470px\"><\/a><\/figure>\n\n\n\n<figure class=\"wp-block-image size-large is-resized\"><a href=\"https:\/\/kicinlen.pl\/wp-content\/uploads\/2023\/04\/Zrzut-ekranu-2023-04-24-111057.png\"><img loading=\"lazy\" src=\"https:\/\/kicinlen.pl\/wp-content\/uploads\/2023\/04\/Zrzut-ekranu-2023-04-24-111057.png\" alt class=\"wp-image-1485\" width=\"463\" height=\"232\" srcset=\"https:\/\/kicinlen.pl\/wp-content\/uploads\/2023\/04\/Zrzut-ekranu-2023-04-24-111057.png 948w, https:\/\/kicinlen.pl\/wp-content\/uploads\/2023\/04\/Zrzut-ekranu-2023-04-24-111057-300x151.png 300w, https:\/\/kicinlen.pl\/wp-content\/uploads\/2023\/04\/Zrzut-ekranu-2023-04-24-111057-768x387.png 768w, https:\/\/kicinlen.pl\/wp-content\/uploads\/2023\/04\/Zrzut-ekranu-2023-04-24-111057-200x101.png 200w\" sizes=\"(max-width: 463px) 100vw, 463px\"><\/a><\/figure>\n","protected":false},"excerpt":{"rendered":"<p>Za nami uda\u00adna sobot\u00adnia akcja sadze\u00adnia drzew. Wsp\u00f3l\u00adnie z&nbsp;So\u0142ec\u00adtwem Kicin, pra\u00adcow\u00adni\u00adka\u00admi Urz\u0119\u00addu Gmi\u00adny oraz cz\u0142on\u00adka\u00admi i&nbsp;sym\u00adpa\u00adty\u00adka\u00admi Sto\u00adwa\u00adrzy\u00adsze\u00adnia <span class=\"caps\">LEN<\/span> posa\u00addzi\u00adli\u00ad\u015bmy wzd\u0142u\u017c uli\u00adcy Ko\u015bciel\u00adnej jarz\u0105\u00adby szwedzkie.<\/p>\n","protected":false},"author":2,"featured_media":0,"comment_status":"closed","ping_status":"closed","sticky":false,"template":"","format":"standard","meta":{"wp_typography_post_enhancements_disabled":false},"categories":[1],"tags":[],"_links":{"self":[{"href":"https:\/\/kicinlen.pl\/index.php?rest_route=\/wp\/v2\/posts\/1474"}],"collection":[{"href":"https:\/\/kicinlen.pl\/index.php?rest_route=\/wp\/v2\/posts"}],"about":[{"href":"https:\/\/kicinlen.pl\/index.php?rest_route=\/wp\/v2\/types\/post"}],"author":[{"embeddable":true,"href":"https:\/\/kicinlen.pl\/index.php?rest_route=\/wp\/v2\/users\/2"}],"replies":[{"embeddable":true,"href":"https:\/\/kicinlen.pl\/index.php?rest_route=%2Fwp%2Fv2%2Fcomments&post=1474"}],"version-history":[{"count":5,"href":"https:\/\/kicinlen.pl\/index.php?rest_route=\/wp\/v2\/posts\/1474\/revisions"}],"predecessor-version":[{"id":1486,"href":"https:\/\/kicinlen.pl\/index.php?rest_route=\/wp\/v2\/posts\/1474\/revisions\/1486"}],"wp:attachment":[{"href":"https:\/\/kicinlen.pl\/index.php?rest_route=%2Fwp%2Fv2%2Fmedia&parent=1474"}],"wp:term":[{"taxonomy":"category","embeddable":true,"href":"https:\/\/kicinlen.pl\/index.php?rest_route=%2Fwp%2Fv2%2Fcategories&post=1474"},{"taxonomy":"post_tag","embeddable":true,"href":"https:\/\/kicinlen.pl\/index.php?rest_route=%2Fwp%2Fv2%2Ftags&post=1474"}],"curies":[{"name":"wp","href":"https:\/\/api.w.org\/{rel}","templated":true}]}}