{"id":1506,"date":"2023-06-27T10:59:13","date_gmt":"2023-06-27T08:59:13","guid":{"rendered":"https:\/\/kicinlen.pl\/?p=1506"},"modified":"2023-06-27T11:28:55","modified_gmt":"2023-06-27T09:28:55","slug":"artysci","status":"publish","type":"post","link":"https:\/\/kicinlen.pl\/?p=1506","title":{"rendered":"Jarek Kostka \u2014 koncert na wodzie."},"content":{"rendered":"\n<p>Jarek Kost\u00adka nie\u00adkon\u00adwen\u00adcjo\u00adnal\u00adny, wszech\u00adstron\u00adny muzyk.W Kici\u00adnie zna\u00adny jako orga\u00adni\u00adsta. Przede wszyst\u00adkim jest jed\u00adnak pia\u00adni\u00adst\u0105 jaz\u00adzo\u00adwym, aran\u00ad\u017ce\u00adrem i&nbsp;kom\u00adpo\u00adzy\u00adto\u00adrem. Jarek jest auto\u00adrem \u015bmia\u00ad\u0142ych pro\u00adjek\u00adt\u00f3w \u0142\u0105cz\u0105\u00adcych muzy\u00adk\u0119 kla\u00adsycz\u00adn\u0105 i&nbsp;jazz, muzy\u00adk\u0119 sakral\u00adn\u0105 i&nbsp;\u015bwiec\u00adk\u0105, wsp\u00f3\u0142\u00adcze\u00adsn\u0105 i&nbsp;dawn\u0105.\u015awiadomie sto\u00adsu\u00adj\u0105c wie\u00addz\u0119 o&nbsp;epo\u00adkach i&nbsp;sty\u00adlach muzycz\u00adnych poszu\u00adku\u00adje inspi\u00adra\u00adcji w&nbsp;roz\u00adma\u00aditych obsza\u00adrach kul\u00adtu\u00adro\u00adwych. Kon\u00adcer\u00adtu\u00adje i&nbsp;podr\u00f3\u00ad\u017cu\u00adje po \u015bwie\u00adcie jako pia\u00adni\u00adsta i&nbsp;kie\u00adrow\u00adnik muzycz\u00adny na stat\u00adkach pasa\u00ad\u017cer\u00adskich wie\u00adlu bander.Gra w&nbsp;roz\u00adma\u00aditych sk\u0142a\u00addach \u2014 od duet\u00f3w po mi\u0119\u00addzy\u00adna\u00adro\u00addo\u00adwe big bandy.Nagra\u0142 sze\u00adreg p\u0142yt \u0142\u0105cz\u0105c swo\u00adje dwie pasje \u2014 pia\u00adni\u00adsty jaz\u00adzo\u00adwe\u00adgo i&nbsp;orga\u00adni\u00adsty klasycznego.Stworzy\u0142 spek\u00adtakl s\u0142ow\u00adno-muzycz\u00adny \u201eHil\u00adde\u00adgar\u00adda Impres\u00adsions\u201d, do kt\u00f3\u00adre\u00adgo zapro\u00adsi\u0142 ch\u00f3r dziew\u00adcz\u0119\u00adcy i&nbsp;sak\u00adso\u00adfo\u00adni\u00adst\u0119. Wyko\u00adrzy\u00adsta\u0142 ory\u00adgi\u00adnal\u00adne anty\u00adfo\u00adny i&nbsp;sekwen\u00adcje \u015bw. Hil\u00adde\u00adgar\u00addy z&nbsp;Bin\u00adgen, na tle kt\u00f3\u00adrych swo\u00adbod\u00adnie improwizowa\u0142.Jarek jest pomy\u00ads\u0142o\u00addaw\u00adc\u0105 i&nbsp;aran\u00ad\u017ce\u00adrem wie\u00adlu pro\u00adjek\u00adt\u00f3w. \u201eNor\u00addic Pro\u00adject \u2013 Fi\u0144\u00adska ciu\u00adciu\u00adbab\u00adka\u201d gdzie poszu\u00adka\u0142 nowej idei w&nbsp;tw\u00f3r\u00adczo\u00ad\u015bci kom\u00adpo\u00adzy\u00adto\u00adr\u00f3w skan\u00addy\u00adnaw\u00adskich i&nbsp;tam\u00adtej\u00adszym folklorze.Ciekaw\u0105 koeg\u00adzy\u00adsten\u00adcj\u0105 jaz\u00adzo\u00adwej, wsp\u00f3\u0142\u00adcze\u00adsnej aran\u00ad\u017ca\u00adcji muzycz\u00adnej z&nbsp;pol\u00adsk\u0105 XIX-wiecz\u00adn\u0105 pie\u00ad\u015bni\u0105 Sta\u00adni\u00ads\u0142a\u00adwa Moniusz\u00adki jest pro\u00adjekt \u201eSwin\u00adgu\u00adja\u00adce kuran\u00adty, czy\u00adli Prz\u0105\u00ad\u015bnicz\u00adka w&nbsp;opa\u00ad\u0142ach\u201d, kt\u00f3\u00adry zosta\u0142 wyko\u00adna\u00adny m.in. na Kon\u00adcer\u00adcie Jesien\u00adnym w&nbsp;Kici\u00adnie z&nbsp;towa\u00adrzy\u00adsze\u00adniem Kici\u0144\u00adskie\u00adgo Ch\u00f3\u00adru Kameralnego.Ponadto przed\u00adsta\u00adwia\u0142 w&nbsp;Pol\u00adsce wie\u00adlo\u00adkrot\u00adnie swo\u00adje muzycz\u00adne pomy\u00ads\u0142y: \u201eKome\u00adda \u2014 Inten\u00adsi\u00adve silen\u00adce\u201d, \u201dFla\u00admen\u00adco meets Jazz\u201d, \u201eGre\u00adchu\u00adta <span class=\"amp\">&amp;<\/span>&nbsp;Nie\u00admen\u201d Wp\u0142y\u00adn\u0105\u0142 do stu por\u00adt\u00f3w \u015bwia\u00adta, miesz\u00adka w&nbsp;Kici\u00adnie! S\u0105siad, kt\u00f3\u00adre\u00adgo pozna\u00adcie ju\u017c 1&nbsp;lipca.<\/p>\n\n\n\n<figure class=\"wp-block-image size-large is-resized\"><a href=\"https:\/\/kicinlen.pl\/wp-content\/uploads\/2023\/06\/image-3.png\"><img loading=\"lazy\" src=\"https:\/\/kicinlen.pl\/wp-content\/uploads\/2023\/06\/image-3.png\" alt class=\"wp-image-1509\" width=\"280\" height=\"270\" srcset=\"https:\/\/kicinlen.pl\/wp-content\/uploads\/2023\/06\/image-3.png 634w, https:\/\/kicinlen.pl\/wp-content\/uploads\/2023\/06\/image-3-300x290.png 300w, https:\/\/kicinlen.pl\/wp-content\/uploads\/2023\/06\/image-3-200x193.png 200w\" sizes=\"(max-width: 280px) 100vw, 280px\"><\/a><\/figure>\n","protected":false},"excerpt":{"rendered":"<p>Jarek Kost\u00adka nie\u00adkon\u00adwen\u00adcjo\u00adnal\u00adny, wszech\u00adstron\u00adny muzyk.W Kici\u00adnie zna\u00adny jako orga\u00adni\u00adsta. Przede wszyst\u00adkim jest jed\u00adnak pia\u00adni\u00adst\u0105 jaz\u00adzo\u00adwym, aran\u00ad\u017ce\u00adrem i&nbsp;kom\u00adpo\u00adzy\u00adto\u00adrem. Jarek jest auto\u00adrem \u015bmia\u00ad\u0142ych pro\u00adjek\u00adt\u00f3w \u0142\u0105cz\u0105\u00adcych muzy\u00adk\u0119 kla\u00adsycz\u00adn\u0105 i&nbsp;jazz, muzy\u00adk\u0119 sakral\u00adn\u0105 i&nbsp;\u015bwiec\u00adk\u0105, wsp\u00f3\u0142\u00adcze\u00adsn\u0105 i&nbsp;dawn\u0105.\u015awiadomie sto\u00adsu\u00adj\u0105c wie\u00addz\u0119 o&nbsp;epo\u00adkach i&nbsp;sty\u00adlach muzycz\u00adnych poszu\u00adku\u00adje inspi\u00adra\u00adcji w&nbsp;roz\u00adma\u00aditych obsza\u00adrach kul\u00adtu\u00adro\u00adwych. Kon\u00adcer\u00adtu\u00adje i&nbsp;podr\u00f3\u00ad\u017cu\u00adje po \u015bwie\u00adcie jako pia\u00adni\u00adsta i&nbsp;kie\u00adrow\u00adnik muzycz\u00adny na stat\u00adkach pasa\u00ad\u017cer\u00adskich wie\u00adlu bander.Gra w&nbsp;rozmaitych&nbsp;[\u2026]<\/p>\n","protected":false},"author":2,"featured_media":0,"comment_status":"closed","ping_status":"closed","sticky":false,"template":"","format":"standard","meta":{"wp_typography_post_enhancements_disabled":false},"categories":[1],"tags":[],"_links":{"self":[{"href":"https:\/\/kicinlen.pl\/index.php?rest_route=\/wp\/v2\/posts\/1506"}],"collection":[{"href":"https:\/\/kicinlen.pl\/index.php?rest_route=\/wp\/v2\/posts"}],"about":[{"href":"https:\/\/kicinlen.pl\/index.php?rest_route=\/wp\/v2\/types\/post"}],"author":[{"embeddable":true,"href":"https:\/\/kicinlen.pl\/index.php?rest_route=\/wp\/v2\/users\/2"}],"replies":[{"embeddable":true,"href":"https:\/\/kicinlen.pl\/index.php?rest_route=%2Fwp%2Fv2%2Fcomments&post=1506"}],"version-history":[{"count":4,"href":"https:\/\/kicinlen.pl\/index.php?rest_route=\/wp\/v2\/posts\/1506\/revisions"}],"predecessor-version":[{"id":1517,"href":"https:\/\/kicinlen.pl\/index.php?rest_route=\/wp\/v2\/posts\/1506\/revisions\/1517"}],"wp:attachment":[{"href":"https:\/\/kicinlen.pl\/index.php?rest_route=%2Fwp%2Fv2%2Fmedia&parent=1506"}],"wp:term":[{"taxonomy":"category","embeddable":true,"href":"https:\/\/kicinlen.pl\/index.php?rest_route=%2Fwp%2Fv2%2Fcategories&post=1506"},{"taxonomy":"post_tag","embeddable":true,"href":"https:\/\/kicinlen.pl\/index.php?rest_route=%2Fwp%2Fv2%2Ftags&post=1506"}],"curies":[{"name":"wp","href":"https:\/\/api.w.org\/{rel}","templated":true}]}}