{"id":1511,"date":"2023-06-27T11:03:19","date_gmt":"2023-06-27T09:03:19","guid":{"rendered":"https:\/\/kicinlen.pl\/?p=1511"},"modified":"2023-06-27T11:28:22","modified_gmt":"2023-06-27T09:28:22","slug":"anna-haas-niewiedzial-i-piotr-niewiedzial","status":"publish","type":"post","link":"https:\/\/kicinlen.pl\/?p=1511","title":{"rendered":"Anna Haas-Niewiedzia\u0142 i&nbsp;Piotr Niewiedzia\u0142 \u2014 koncert na wodzie."},"content":{"rendered":"\n<p>Duo for\u00adte\u00adpia\u00adno\u00adwe La Valse\u201989 Anny Haas-Nie\u00adwie\u00addzia\u0142 i&nbsp;Pio\u00adtra Nie\u00adwie\u00addzia\u00ad\u0142a zachwy\u00adci\u00ad\u0142o nas ju\u017c w&nbsp;zesz\u0142ym roku. Zesp\u00f3\u0142 powsta\u0142 z&nbsp;potrze\u00adby reali\u00adza\u00adcji pasji, jak\u0105 jest wsp\u00f3l\u00adne muzy\u00adko\u00adwa\u00adnie na jed\u00adnym lub dw\u00f3ch for\u00adte\u00adpia\u00adnach. Na arty\u00adstycz\u00adn\u0105 dro\u00adg\u0119 Duo sk\u0142a\u00adda\u00adj\u0105 si\u0119 przede wszyst\u00adkim licz\u00adne kon\u00adcer\u00adty kame\u00adral\u00adne w&nbsp;kra\u00adju i&nbsp;za gra\u00adni\u00adc\u0105 (m.in.: w&nbsp;Szwaj\u00adca\u00adrii, Hisz\u00adpa\u00adnii, na Mal\u00adcie, w&nbsp;Szwe\u00adcji, Gre\u00adcji i&nbsp;Izra\u00adelu). Duo nie stro\u00adni od muzycz\u00adnych wyzwa\u0144 zwi\u0105\u00adza\u00adnych z&nbsp;wyko\u00adny\u00adwa\u00adniem muzy\u00adki naj\u00adnow\u00adszej (m.in. na festi\u00adwa\u00adlu Pozna\u0144\u00adska Wio\u00adsna Muzycz\u00adna), czy ze wsp\u00f3\u0142\u00adpra\u00adc\u0105 z&nbsp;zespo\u00ad\u0142a\u00admi wokal\u00adny\u00admi (Pozna\u0144\u00adskie S\u0142o\u00adwi\u00adki, Inspi\u00adro Ensem\u00adble). W&nbsp;2011 roku uka\u00adza\u00ad\u0142a si\u0119 pierw\u00adsza i&nbsp;jak dot\u0105d jedy\u00adna samo\u00addziel\u00adna p\u0142y\u00adta Duo, zaty\u00adtu\u00ad\u0142o\u00adwa\u00adna \u201eTem\u00adpra\u00adnil\u00adlo\u201d. Na co dzie\u0144 Anna i&nbsp;Piotr s\u0105 peda\u00adgo\u00adga\u00admi zwi\u0105\u00adza\u00adny\u00admi z&nbsp;pozna\u0144\u00adski\u00admi szko\u00ad\u0142a\u00admi muzycz\u00adny\u00admi oraz Aka\u00adde\u00admi\u0105 Muzycz\u00adn\u0105 w&nbsp;Poznaniu.<\/p>\n\n\n\n<figure class=\"wp-block-image size-large is-resized\"><a href=\"https:\/\/kicinlen.pl\/wp-content\/uploads\/2023\/06\/image-4.png\"><img loading=\"lazy\" src=\"https:\/\/kicinlen.pl\/wp-content\/uploads\/2023\/06\/image-4.png\" alt class=\"wp-image-1512\" width=\"513\" height=\"379\" srcset=\"https:\/\/kicinlen.pl\/wp-content\/uploads\/2023\/06\/image-4.png 838w, https:\/\/kicinlen.pl\/wp-content\/uploads\/2023\/06\/image-4-300x222.png 300w, https:\/\/kicinlen.pl\/wp-content\/uploads\/2023\/06\/image-4-768x567.png 768w, https:\/\/kicinlen.pl\/wp-content\/uploads\/2023\/06\/image-4-200x148.png 200w\" sizes=\"(max-width: 513px) 100vw, 513px\"><\/a><\/figure>\n","protected":false},"excerpt":{"rendered":"<p>Duo for\u00adte\u00adpia\u00adno\u00adwe La Valse\u201989 Anny Haas-Nie\u00ad\u00adwie\u00ad\u00addzia\u0142 i&nbsp;Pio\u00adtra Nie\u00adwie\u00addzia\u00ad\u0142a zachwy\u00adci\u00ad\u0142o nas ju\u017c w&nbsp;zesz\u0142ym roku. Zesp\u00f3\u0142 powsta\u0142 z&nbsp;potrze\u00adby reali\u00adza\u00adcji pasji, jak\u0105 jest wsp\u00f3l\u00adne muzy\u00adko\u00adwa\u00adnie na jed\u00adnym lub dw\u00f3ch for\u00adte\u00adpia\u00adnach. Na arty\u00adstycz\u00adn\u0105 dro\u00adg\u0119 Duo sk\u0142a\u00adda\u00adj\u0105 si\u0119 przede wszyst\u00adkim licz\u00adne kon\u00adcer\u00adty kame\u00adral\u00adne w&nbsp;kra\u00adju i&nbsp;za gra\u00adni\u00adc\u0105 (m.in.: w&nbsp;Szwaj\u00adca\u00adrii, Hisz\u00adpa\u00adnii, na Mal\u00adcie, w&nbsp;Szwe\u00adcji, Gre\u00adcji i&nbsp;Izra\u00adelu). Duo nie stro\u00adni od muzycz\u00adnych wyzwa\u0144&nbsp;[\u2026]<\/p>\n","protected":false},"author":2,"featured_media":0,"comment_status":"closed","ping_status":"closed","sticky":false,"template":"","format":"standard","meta":{"wp_typography_post_enhancements_disabled":false},"categories":[1],"tags":[],"_links":{"self":[{"href":"https:\/\/kicinlen.pl\/index.php?rest_route=\/wp\/v2\/posts\/1511"}],"collection":[{"href":"https:\/\/kicinlen.pl\/index.php?rest_route=\/wp\/v2\/posts"}],"about":[{"href":"https:\/\/kicinlen.pl\/index.php?rest_route=\/wp\/v2\/types\/post"}],"author":[{"embeddable":true,"href":"https:\/\/kicinlen.pl\/index.php?rest_route=\/wp\/v2\/users\/2"}],"replies":[{"embeddable":true,"href":"https:\/\/kicinlen.pl\/index.php?rest_route=%2Fwp%2Fv2%2Fcomments&post=1511"}],"version-history":[{"count":3,"href":"https:\/\/kicinlen.pl\/index.php?rest_route=\/wp\/v2\/posts\/1511\/revisions"}],"predecessor-version":[{"id":1515,"href":"https:\/\/kicinlen.pl\/index.php?rest_route=\/wp\/v2\/posts\/1511\/revisions\/1515"}],"wp:attachment":[{"href":"https:\/\/kicinlen.pl\/index.php?rest_route=%2Fwp%2Fv2%2Fmedia&parent=1511"}],"wp:term":[{"taxonomy":"category","embeddable":true,"href":"https:\/\/kicinlen.pl\/index.php?rest_route=%2Fwp%2Fv2%2Fcategories&post=1511"},{"taxonomy":"post_tag","embeddable":true,"href":"https:\/\/kicinlen.pl\/index.php?rest_route=%2Fwp%2Fv2%2Ftags&post=1511"}],"curies":[{"name":"wp","href":"https:\/\/api.w.org\/{rel}","templated":true}]}}