{"id":1518,"date":"2023-06-29T09:05:15","date_gmt":"2023-06-29T07:05:15","guid":{"rendered":"https:\/\/kicinlen.pl\/?p=1518"},"modified":"2023-06-29T09:05:15","modified_gmt":"2023-06-29T07:05:15","slug":"anna-lasota-koncert-na-wodzie","status":"publish","type":"post","link":"https:\/\/kicinlen.pl\/?p=1518","title":{"rendered":"<span class=\"caps\">ANNA<\/span> <span class=\"caps\">LASOTA<\/span> \u2014 koncert na wodzie"},"content":{"rendered":"\n<p><span class=\"caps\">ANNA<\/span> <span class=\"caps\">LASOTA<\/span> to artyst\u00adka abso\u00adlut\u00adne nie\u00adzwy\u00adk\u0142a, jej g\u0142os ma nie\u00adsa\u00admo\u00adwi\u00adt\u0105 bar\u00adw\u0119 i&nbsp;wra\u00ad\u017ce\u00adnie, \u017ce jego mo\u017c\u00adli\u00adwo\u00ad\u015bci s\u0105 nie\u00adogra\u00adni\u00adczo\u00adne. Ania szyb\u00adko nawi\u0105\u00adzu\u00adje kon\u00adtakt publicz\u00adno\u00ad\u015bci\u0105 i&nbsp;ema\u00adnu\u00adje pozy\u00adtyw\u00adn\u0105 ener\u00adgi\u0105. Bli\u00adskie jest jej \u201dbro\u00addway\u00adow\u00adskie i&nbsp;westen\u00addo\u00adwe \u015bpie\u00adwa\u00adnie\u201d i&nbsp;z powo\u00addze\u00adniem reali\u00adzu\u00adje si\u0119 jako solist\u00adka Teatru Muzycz\u00adne\u00adgo w&nbsp;Pozna\u00adniu. \u015apie\u00adwa mistrzow\u00adsko, zna\u00adko\u00admi\u00adcie pos\u0142u\u00adgu\u00adje si\u0119 aktor\u00adski\u00admi umie\u00adj\u0119t\u00adno\u00ad\u015bcia\u00admi i&nbsp;fan\u00adta\u00adstycz\u00adnie ta\u0144\u00adczy. Kto cho\u0107 raz widzia\u0142 j\u0105 na sce\u00adnie, jest g\u0142od\u00adny kolej\u00adnych spo\u00adtka\u0144 z&nbsp;jej talentem.Wyst\u0119puje w&nbsp;g\u0142\u00f3w\u00adnych rolach wie\u00adlu spek\u00adta\u00adkli, wspo\u00admni\u00admy tu cho\u0107\u00adby musi\u00adca\u00adle Evi\u00adta, Kom\u00adbi\u00adnat czy Rodzi\u00adna Adam\u00ads\u00f3w. Bie\u00adrze udzia\u0142 w&nbsp;medial\u00adnych kon\u00adcer\u00adtach, a&nbsp;wraz z&nbsp;Pol\u00adsk\u0105 Orkie\u00adstr\u0105 Sin\u00adfo\u00adnia Juven\u00adtus oraz Orkie\u00adstr\u0105 Pol\u00adskie\u00adgo Radia wyst\u0119\u00adpu\u00adje w&nbsp;cyklu \u201eWiel\u00adkich kon\u00adcer\u00adt\u00f3w muzy\u00adki fil\u00admo\u00adwej\u201d w&nbsp;naj\u00adwi\u0119k\u00adszych obiek\u00adtach kon\u00adcer\u00adto\u00adwych w&nbsp;Pol\u00adsce i&nbsp;zagranic\u0105.Ania jest lau\u00adre\u00adat\u00adk\u0105 wie\u00adlu pre\u00adsti\u00ad\u017co\u00adwych nagr\u00f3d muzycz\u00adnych, kt\u00f3\u00adre cie\u00adsz\u0105 j\u0105 i&nbsp;daj\u0105 moty\u00adwa\u00adcj\u0119 do dal\u00adszej nie\u00adusta\u00adj\u0105\u00adcej pra\u00adcy nad zawo\u00addo\u00adwym warsztatem.Wa\u017cniejszy jest dla niej jed\u00adnak od wszel\u00adkich lau\u00adr\u00f3w kon\u00adtakt z&nbsp;publicz\u00adno\u00ad\u015bci\u0105 i&nbsp;dzie\u00adle\u00adnie si\u0119 swo\u00adj\u0105 pasj\u0105 do muzyki.Za dwa dni <img loading=\"lazy\" height=\"16\" width=\"16\" alt=\"0\ufe0f\u20e3\" src=\"https:\/\/static.xx.fbcdn.net\/images\/emoji.php\/v9\/t74\/1.5\/16\/30_20e3.png\"><img loading=\"lazy\" height=\"16\" width=\"16\" alt=\"1\ufe0f\u20e3\" src=\"https:\/\/static.xx.fbcdn.net\/images\/emoji.php\/v9\/t93\/1.5\/16\/31_20e3.png\">.<img loading=\"lazy\" height=\"16\" width=\"16\" alt=\"0\ufe0f\u20e3\" src=\"https:\/\/static.xx.fbcdn.net\/images\/emoji.php\/v9\/t74\/1.5\/16\/30_20e3.png\"><img loading=\"lazy\" height=\"16\" width=\"16\" alt=\"7\ufe0f\u20e3\" src=\"https:\/\/static.xx.fbcdn.net\/images\/emoji.php\/v9\/t4d\/1.5\/16\/37_20e3.png\">b\u0119dzie\u00admy podzi\u00adwia\u0107 Ani\u0119 i&nbsp;towa\u00adrzy\u00adsz\u0105\u00adcych jej Oska\u00adra Stab\u00adno na for\u00adte\u00adpia\u00adnie oraz Andrze\u00adja Iwa\u00adnow\u00adskie\u00adgo na basie na kon\u00adcer\u00adto\u00adwej sce\u00adnie kici\u0144\u00adskie\u00adgo&nbsp;stawu.<\/p>\n\n\n\n<figure class=\"wp-block-image size-large is-resized\"><a href=\"https:\/\/kicinlen.pl\/wp-content\/uploads\/2023\/06\/image-5.png\"><img loading=\"lazy\" src=\"https:\/\/kicinlen.pl\/wp-content\/uploads\/2023\/06\/image-5.png\" alt class=\"wp-image-1519\" width=\"365\" height=\"364\" srcset=\"https:\/\/kicinlen.pl\/wp-content\/uploads\/2023\/06\/image-5.png 675w, https:\/\/kicinlen.pl\/wp-content\/uploads\/2023\/06\/image-5-300x300.png 300w, https:\/\/kicinlen.pl\/wp-content\/uploads\/2023\/06\/image-5-150x150.png 150w, https:\/\/kicinlen.pl\/wp-content\/uploads\/2023\/06\/image-5-100x100.png 100w, https:\/\/kicinlen.pl\/wp-content\/uploads\/2023\/06\/image-5-200x200.png 200w\" sizes=\"(max-width: 365px) 100vw, 365px\"><\/a><\/figure>\n","protected":false},"excerpt":{"rendered":"<p><span class=\"caps\">ANNA<\/span> <span class=\"caps\">LASOTA<\/span> to artyst\u00adka abso\u00adlut\u00adne nie\u00adzwy\u00adk\u0142a, jej g\u0142os ma nie\u00adsa\u00admo\u00adwi\u00adt\u0105 bar\u00adw\u0119 i&nbsp;wra\u00ad\u017ce\u00adnie, \u017ce jego mo\u017c\u00adli\u00adwo\u00ad\u015bci s\u0105 nie\u00adogra\u00adni\u00adczo\u00adne. Ania szyb\u00adko nawi\u0105\u00adzu\u00adje kon\u00adtakt publicz\u00adno\u00ad\u015bci\u0105 i&nbsp;ema\u00adnu\u00adje pozy\u00adtyw\u00adn\u0105 ener\u00adgi\u0105. Bli\u00adskie jest jej \u201dbro\u00addway\u00adow\u00adskie i&nbsp;westen\u00addo\u00adwe \u015bpie\u00adwa\u00adnie\u201d i&nbsp;z&nbsp;powo\u00addze\u00adniem reali\u00adzu\u00adje si\u0119 jako solist\u00adka Teatru Muzycz\u00adne\u00adgo w&nbsp;Pozna\u00adniu. \u015apie\u00adwa mistrzow\u00adsko, zna\u00adko\u00admi\u00adcie pos\u0142u\u00adgu\u00adje si\u0119 aktor\u00adski\u00admi umie\u00adj\u0119t\u00adno\u00ad\u015bcia\u00admi i&nbsp;fan\u00adta\u00adstycz\u00adnie ta\u0144\u00adczy. Kto cho\u0107 raz widzia\u0142 j\u0105&nbsp;na&nbsp;[\u2026]<\/p>\n","protected":false},"author":2,"featured_media":0,"comment_status":"closed","ping_status":"closed","sticky":false,"template":"","format":"standard","meta":{"wp_typography_post_enhancements_disabled":false},"categories":[1],"tags":[],"_links":{"self":[{"href":"https:\/\/kicinlen.pl\/index.php?rest_route=\/wp\/v2\/posts\/1518"}],"collection":[{"href":"https:\/\/kicinlen.pl\/index.php?rest_route=\/wp\/v2\/posts"}],"about":[{"href":"https:\/\/kicinlen.pl\/index.php?rest_route=\/wp\/v2\/types\/post"}],"author":[{"embeddable":true,"href":"https:\/\/kicinlen.pl\/index.php?rest_route=\/wp\/v2\/users\/2"}],"replies":[{"embeddable":true,"href":"https:\/\/kicinlen.pl\/index.php?rest_route=%2Fwp%2Fv2%2Fcomments&post=1518"}],"version-history":[{"count":1,"href":"https:\/\/kicinlen.pl\/index.php?rest_route=\/wp\/v2\/posts\/1518\/revisions"}],"predecessor-version":[{"id":1520,"href":"https:\/\/kicinlen.pl\/index.php?rest_route=\/wp\/v2\/posts\/1518\/revisions\/1520"}],"wp:attachment":[{"href":"https:\/\/kicinlen.pl\/index.php?rest_route=%2Fwp%2Fv2%2Fmedia&parent=1518"}],"wp:term":[{"taxonomy":"category","embeddable":true,"href":"https:\/\/kicinlen.pl\/index.php?rest_route=%2Fwp%2Fv2%2Fcategories&post=1518"},{"taxonomy":"post_tag","embeddable":true,"href":"https:\/\/kicinlen.pl\/index.php?rest_route=%2Fwp%2Fv2%2Ftags&post=1518"}],"curies":[{"name":"wp","href":"https:\/\/api.w.org\/{rel}","templated":true}]}}