{"id":1528,"date":"2023-07-04T14:06:43","date_gmt":"2023-07-04T12:06:43","guid":{"rendered":"https:\/\/kicinlen.pl\/?p=1528"},"modified":"2023-07-04T14:06:43","modified_gmt":"2023-07-04T12:06:43","slug":"koncert-na-stawie-podsumowanie","status":"publish","type":"post","link":"https:\/\/kicinlen.pl\/?p=1528","title":{"rendered":"Koncert na stawie \u2014 podsumowanie."},"content":{"rendered":"\n<p>Nie\u00admo\u017c\u00adli\u00adwe sta\u00adje si\u0119 mo\u017c\u00adli\u00adwe? Dru\u00adgi kon\u00adcert na sta\u00adwie w&nbsp;Kici\u00adnie pod nazw\u0105 \u201eS\u0105sie\u00addzi, jakich nie zna\u00adcie\u201c, jest dowo\u00addem, \u017ce z&nbsp;zapa\u00ad\u0142u, dobrej atmos\u00adfe\u00adry i&nbsp;ch\u0119\u00adci zin\u00adte\u00adgro\u00adwa\u00adnia s\u0105sia\u00add\u00f3w mo\u017c\u00adna stwo\u00adrzy\u0107 nie\u00adspo\u00adty\u00adka\u00adne wyda\u00adrze\u00adnie. Uda\u00ad\u0142o si\u0119 nam dru\u00adgi rok z&nbsp;rz\u0119\u00addu zapro\u00adsi\u0107 s\u0105sia\u00add\u00f3w do wsp\u00f3l\u00adnych sto\u00ad\u0142\u00f3w, roz\u00adm\u00f3w i&nbsp;wyj\u0105t\u00adko\u00adwej uczty w&nbsp;wyko\u00adna\u00adniu fan\u00adta\u00adstycz\u00adnych muzy\u00adk\u00f3w, soli\u00adst\u00f3w oraz kici\u0144\u00adskie\u00adgo ch\u00f3\u00adru. Dzi\u0119\u00adku\u00adje\u00admy arty\u00adstom, \u017ce zacza\u00adro\u00adwa\u00adli prze\u00adstrze\u0144 par\u00adko\u00adw\u0105 w&nbsp;nie\u00adzwy\u00adk\u0142\u0105 sal\u0119 kon\u00adcer\u00adto\u00adw\u0105. Dzi\u0119\u00adku\u00adje\u00admy ka\u017c\u00adde\u00admu, kto po\u015bwi\u0119\u00adci\u0142 sw\u00f3j czas, wspar\u0142 orga\u00adni\u00adza\u00adcj\u0119 i&nbsp;pom\u00f3g\u0142 nam w&nbsp;przy\u00adgo\u00adto\u00adwa\u00adniu kon\u00adcer\u00adtu. Dzi\u0119\u00adku\u00adje\u00admy Powia\u00adto\u00adwi Pozna\u0144\u00adskie\u00admu i&nbsp;Gmi\u00adnie Czer\u00adwo\u00adnak, \u017ce dostrze\u00adga\u00adj\u0105 ini\u00adcja\u00adty\u00adwy rodz\u0105\u00adce si\u0119 oddol\u00adnie i&nbsp;udzie\u00adla\u00adj\u0105 im wspar\u00adcia. Dzi\u0119\u00adki temu mogli\u00ad\u015bmy zadba\u0107 o&nbsp;wyso\u00adki poziom nasze\u00adgo wyda\u00adrze\u00adnia. Dzi\u0119\u00adku\u00adje\u00admy W\u00f3j\u00adto\u00adwi Gmi\u00adny Czer\u00adwo\u00adnak Mar\u00adci\u00adno\u00adwi Wojt\u00adko\u00adwia\u00adko\u00adwi, kt\u00f3\u00adry obj\u0105\u0142 kon\u00adcert Hono\u00adro\u00adwym Patro\u00adna\u00adtem. To dla nas bar\u00addzo wa\u017c\u00adne, \u017ce mo\u017ce\u00admy zawsze liczy\u0107 na Pana \u017cycz\u00adli\u00adwo\u015b\u0107 i&nbsp;wspar\u00adcie. Ten lip\u00adco\u00adwy wie\u00adcz\u00f3r by\u0142 magicz\u00adny. Poczu\u00adli\u00ad\u015bmy t\u0119 atmos\u00adfe\u00adr\u0119 my i&nbsp;wszy\u00adscy, kt\u00f3\u00adrzy zde\u00adcy\u00addo\u00adwa\u00adli si\u0119 sp\u0119\u00addzi\u0107 go z&nbsp;nami przy kici\u0144\u00adskim staw\u00adku. Nawet pogo\u00adda nam sprzy\u00adja\u00ad\u0142a, a&nbsp;kil\u00adka kro\u00adpel desz\u00adczu, kt\u00f3\u00adre spa\u00add\u0142y w&nbsp;trak\u00adcie, to \u2014 jak powie\u00addzia\u0142 nasz kon\u00adfe\u00adran\u00adsjer \u2014 by\u0142y to tyl\u00adko nasze skro\u00adplo\u00adne emo\u00adcje. Zbie\u00adra\u00admy si\u0142y do reali\u00adza\u00adcji kolej\u00adnych pla\u00adn\u00f3w. Mamy pomy\u00ads\u0142y i&nbsp;zapa\u0142 by dzia\u00ad\u0142a\u0107 na rzecz naszej pi\u0119k\u00adnej ma\u0142ej ojczy\u00adzny, aby nam wszyst\u00adkim \u017cy\u0142o si\u0119 tutaj lepiej.<\/p>\n","protected":false},"excerpt":{"rendered":"<p>Nie\u00admo\u017c\u00adli\u00adwe sta\u00adje si\u0119 mo\u017c\u00adli\u00adwe? Dru\u00adgi kon\u00adcert na sta\u00adwie w&nbsp;Kici\u00adnie pod nazw\u0105 \u201eS\u0105sie\u00addzi, jakich nie zna\u00adcie\u201c, jest dowo\u00addem, \u017ce z&nbsp;zapa\u00ad\u0142u, dobrej atmos\u00adfe\u00adry i&nbsp;ch\u0119\u00adci zin\u00adte\u00adgro\u00adwa\u00adnia s\u0105sia\u00add\u00f3w mo\u017c\u00adna stwo\u00adrzy\u0107 nie\u00adspo\u00adty\u00adka\u00adne wyda\u00adrze\u00adnie. Uda\u00ad\u0142o si\u0119 nam dru\u00adgi rok z&nbsp;rz\u0119\u00addu zapro\u00adsi\u0107 s\u0105sia\u00add\u00f3w do wsp\u00f3l\u00adnych sto\u00ad\u0142\u00f3w, roz\u00adm\u00f3w i&nbsp;wyj\u0105t\u00adko\u00adwej uczty w&nbsp;wyko\u00adna\u00adniu fan\u00adta\u00adstycz\u00adnych muzy\u00adk\u00f3w, soli\u00adst\u00f3w oraz kici\u0144\u00adskie\u00adgo ch\u00f3\u00adru. Dzi\u0119\u00adku\u00adje\u00admy arty\u00adstom, \u017ce zacza\u00adro\u00adwa\u00adli prze\u00adstrze\u0144 parkow\u0105&nbsp;[\u2026]<\/p>\n","protected":false},"author":2,"featured_media":0,"comment_status":"closed","ping_status":"closed","sticky":false,"template":"","format":"standard","meta":{"wp_typography_post_enhancements_disabled":false},"categories":[1],"tags":[],"_links":{"self":[{"href":"https:\/\/kicinlen.pl\/index.php?rest_route=\/wp\/v2\/posts\/1528"}],"collection":[{"href":"https:\/\/kicinlen.pl\/index.php?rest_route=\/wp\/v2\/posts"}],"about":[{"href":"https:\/\/kicinlen.pl\/index.php?rest_route=\/wp\/v2\/types\/post"}],"author":[{"embeddable":true,"href":"https:\/\/kicinlen.pl\/index.php?rest_route=\/wp\/v2\/users\/2"}],"replies":[{"embeddable":true,"href":"https:\/\/kicinlen.pl\/index.php?rest_route=%2Fwp%2Fv2%2Fcomments&post=1528"}],"version-history":[{"count":1,"href":"https:\/\/kicinlen.pl\/index.php?rest_route=\/wp\/v2\/posts\/1528\/revisions"}],"predecessor-version":[{"id":1529,"href":"https:\/\/kicinlen.pl\/index.php?rest_route=\/wp\/v2\/posts\/1528\/revisions\/1529"}],"wp:attachment":[{"href":"https:\/\/kicinlen.pl\/index.php?rest_route=%2Fwp%2Fv2%2Fmedia&parent=1528"}],"wp:term":[{"taxonomy":"category","embeddable":true,"href":"https:\/\/kicinlen.pl\/index.php?rest_route=%2Fwp%2Fv2%2Fcategories&post=1528"},{"taxonomy":"post_tag","embeddable":true,"href":"https:\/\/kicinlen.pl\/index.php?rest_route=%2Fwp%2Fv2%2Ftags&post=1528"}],"curies":[{"name":"wp","href":"https:\/\/api.w.org\/{rel}","templated":true}]}}