{"id":1541,"date":"2023-10-24T07:45:33","date_gmt":"2023-10-24T05:45:33","guid":{"rendered":"https:\/\/kicinlen.pl\/?p=1541"},"modified":"2023-10-25T09:19:53","modified_gmt":"2023-10-25T07:19:53","slug":"konsultacje-spoleczne-w-sprawie-ulicy-koscielnej","status":"publish","type":"post","link":"https:\/\/kicinlen.pl\/?p=1541","title":{"rendered":"Konsultacje spo\u0142eczne w&nbsp;sprawie ulicy Ko\u015bcielnej."},"content":{"rendered":"\n<p><em>Sza\u00adnow\u00adni Sym\u00adpa\u00adty\u00adcy Sto\u00adwa\u00adrzy\u00adsze\u00adnia <span class=\"caps\">LEN<\/span> w&nbsp;Kici\u00adnie, Miesz\u00adka\u0144\u00adcy Kici\u00adna.&nbsp;Na pro\u015b\u00adb\u0119 gru\u00adpy&nbsp; miesz\u00adka\u0144\u00adc\u00f3w ul. Ko\u015bciel\u00adnej w&nbsp;Kici\u00adnie publi\u00adku\u00adje\u00admy pismo skie\u00adro\u00adwa\u00adne do Sto\u00adwa\u00adrzy\u00adsze\u00adnia Len. Pismo zosta\u00ad\u0142o pod\u00adpi\u00adsa\u00adne przez&nbsp; miesz\u00adka\u0144\u00adca uli\u00adcy Ko\u015bciel\u00adnej nasze\u00adgo&nbsp;&nbsp;s\u0105sia\u00adda Pana S\u0142a\u00adwo\u00admi\u00adra Cej\u00adb\u0119 .Obec\u00adnie Urz\u0105d Gmi\u00adny pro\u00adwa\u00addzi kon\u00adsul\u00adta\u00adcje spo\u00ad\u0142ecz\u00adne w&nbsp;spra\u00adwie uli\u00adcy Ko\u015bciel\u00adnej w&nbsp;zakre\u00adsie potrze\u00adby budo\u00adwy jezd\u00adni. Ze spra\u00adw\u0105 mo\u017c\u00adna zapo\u00adzna\u0107 si\u0119 na stro\u00adnie Urz\u0119\u00addu Gmi\u00adny Czer\u00adwo\u00adnak , aby osta\u00adtecz\u00adnie wyro\u00adbi\u0107 sobie pogl\u0105d w&nbsp;opi\u00adsa\u00adnej w&nbsp;pi\u015bmie sprawie.Nadmieni\u0119 , \u017ce w&nbsp;roku 13 maja 2016 roku do Zarz\u0105\u00addu Gmi\u00adny zosta\u00ad\u0142o prze\u00ads\u0142a\u00adne sta\u00adno\u00adwi\u00adsko Sto\u00adwa\u00adrzy\u00adsze\u00adnia Len w&nbsp;spra\u00adwie ul. Ko\u015bciel\u00adnej i&nbsp;jej walo\u00adr\u00f3w krajobrazowo-kulturowych.O\u015bwiadczamy , \u017ce Sto\u00adwa\u00adrzy\u00adsze\u00adnie nie jest stro\u00adn\u0105 w&nbsp;post\u0119\u00adpo\u00adwa\u00adniu , przez publi\u00adka\u00adcje listu&nbsp; reali\u00adzu\u00adje\u00admy jedy\u00adnie infor\u00adma\u00adcyj\u00adne zada\u00adnia sta\u00adtu\u00adto\u00adwe doty\u00adcz\u0105\u00adce naszej okolicy.<\/em><\/p>\n\n\n\n<p><em>Z powa\u017caniem.Za Sto\u00adwa\u00adrzy\u00adsze\u00adnie Tade\u00adusz Soi\u0144ski&nbsp;<\/em><\/p>\n\n\n\n<p><em>Kicin dnia. 23.10.2023.<\/em><\/p>\n\n\n\n<div class=\"wp-block-file\"><a href=\"https:\/\/kicinlen.pl\/wp-content\/uploads\/2023\/10\/Prosba-mieszkancow-ul-Koscielnej-1.pdf\">Pros\u00adba-miesz\u00adkan\u00adcow-ul-Kosciel\u00adne\u00adj\u20111<\/a><a href=\"https:\/\/kicinlen.pl\/wp-content\/uploads\/2023\/10\/Prosba-mieszkancow-ul-Koscielnej-1.pdf\" class=\"wp-block-file__button\" download>Pobierz<\/a><\/div>\n","protected":false},"excerpt":{"rendered":"<p>Sza\u00adnow\u00adni Sym\u00adpa\u00adty\u00adcy Sto\u00adwa\u00adrzy\u00adsze\u00adnia <span class=\"caps\">LEN<\/span> w&nbsp;Kici\u00adnie, Miesz\u00adka\u0144\u00adcy Kici\u00adna.&nbsp;Na pro\u015b\u00adb\u0119 gru\u00adpy&nbsp; miesz\u00adka\u0144\u00adc\u00f3w ul. Ko\u015bciel\u00adnej w&nbsp;Kici\u00adnie publi\u00adku\u00adje\u00admy pismo skie\u00adro\u00adwa\u00adne do Sto\u00adwa\u00adrzy\u00adsze\u00adnia Len. Pismo zosta\u00ad\u0142o pod\u00adpi\u00adsa\u00adne przez&nbsp; miesz\u00adka\u0144\u00adca uli\u00adcy Ko\u015bciel\u00adnej nasze\u00adgo&nbsp;&nbsp;s\u0105sia\u00adda Pana S\u0142a\u00adwo\u00admi\u00adra Cej\u00adb\u0119 .Obec\u00adnie Urz\u0105d Gmi\u00adny pro\u00adwa\u00addzi kon\u00adsul\u00adta\u00adcje spo\u00ad\u0142ecz\u00adne w&nbsp;spra\u00adwie uli\u00adcy Ko\u015bciel\u00adnej w&nbsp;zakre\u00adsie potrze\u00adby budo\u00adwy jezd\u00adni. Ze spra\u00adw\u0105 mo\u017c\u00adna zapo\u00adzna\u0107 si\u0119 na stro\u00adnie Urz\u0119\u00addu Gmi\u00adny Czer\u00adwo\u00adnak ,&nbsp;aby&nbsp;[\u2026]<\/p>\n","protected":false},"author":2,"featured_media":0,"comment_status":"closed","ping_status":"closed","sticky":false,"template":"","format":"standard","meta":{"wp_typography_post_enhancements_disabled":false},"categories":[1],"tags":[],"_links":{"self":[{"href":"https:\/\/kicinlen.pl\/index.php?rest_route=\/wp\/v2\/posts\/1541"}],"collection":[{"href":"https:\/\/kicinlen.pl\/index.php?rest_route=\/wp\/v2\/posts"}],"about":[{"href":"https:\/\/kicinlen.pl\/index.php?rest_route=\/wp\/v2\/types\/post"}],"author":[{"embeddable":true,"href":"https:\/\/kicinlen.pl\/index.php?rest_route=\/wp\/v2\/users\/2"}],"replies":[{"embeddable":true,"href":"https:\/\/kicinlen.pl\/index.php?rest_route=%2Fwp%2Fv2%2Fcomments&post=1541"}],"version-history":[{"count":3,"href":"https:\/\/kicinlen.pl\/index.php?rest_route=\/wp\/v2\/posts\/1541\/revisions"}],"predecessor-version":[{"id":1548,"href":"https:\/\/kicinlen.pl\/index.php?rest_route=\/wp\/v2\/posts\/1541\/revisions\/1548"}],"wp:attachment":[{"href":"https:\/\/kicinlen.pl\/index.php?rest_route=%2Fwp%2Fv2%2Fmedia&parent=1541"}],"wp:term":[{"taxonomy":"category","embeddable":true,"href":"https:\/\/kicinlen.pl\/index.php?rest_route=%2Fwp%2Fv2%2Fcategories&post=1541"},{"taxonomy":"post_tag","embeddable":true,"href":"https:\/\/kicinlen.pl\/index.php?rest_route=%2Fwp%2Fv2%2Ftags&post=1541"}],"curies":[{"name":"wp","href":"https:\/\/api.w.org\/{rel}","templated":true}]}}