{"id":1565,"date":"2024-02-07T11:04:44","date_gmt":"2024-02-07T10:04:44","guid":{"rendered":"https:\/\/kicinlen.pl\/?p=1565"},"modified":"2024-02-07T11:04:44","modified_gmt":"2024-02-07T10:04:44","slug":"spotkanie-piwo-marcowe","status":"publish","type":"post","link":"https:\/\/kicinlen.pl\/?p=1565","title":{"rendered":"Spotkanie \u2014 Piwo Marcowe"},"content":{"rendered":"\n<p>Zbli\u00ad\u017ca si\u0119 mie\u00adsi\u0105c marzec , jak marzec to kolej\u00adne spo\u00adtka\u00adnie inte\u00adgra\u00adcyj\u00adne,  Pt. \u201e<span class=\"caps\">PIWO<\/span> <span class=\"caps\">MARCOWE<\/span> \u201c.<br>W dniu 2&nbsp;mar\u00adca o&nbsp;godzi\u00adnie 19.00 spo\u00adtkaj\u00admy si\u0119 w&nbsp;Wigwa\u00admie na \u0141ysej G\u00f3rze \u201a<span class=\"caps\">KICIN<\/span> uli\u00adca Okr\u0119\u017c\u00adna 18  na kolej\u00adnym piwie mar\u00adco\u00adwym.<br>Bursz\u00adty\u00adno\u00adwy nap\u00f3j zabez\u00adpie\u00adcza sto\u00adwa\u00adrzy\u00adsze\u00adnie , pro\u00adsi\u00admy prze\u00adnie\u00ad\u015bcie sma\u00adko\u00ad\u0142y\u00adki na wsp\u00f3l\u00adny st\u00f3\u0142 . przy\u00adgo\u00adtu\u00adje\u00admy  r\u00f3w\u00adnie\u017c kaw\u0119 , her\u00adba\u00adt\u0119 , oraz barszcz czer\u00adwo\u00adny .<br>B\u0119dzie  zmy\u00ads\u0142o\u00adwa nie\u00adspo\u00addzian\u00adka muzycz\u00adna , kt\u00f3\u00adr\u0105 przy\u00adgo\u00adto\u00adwu\u00adj\u0105 nasi S\u0105sie\u00addzi.<br>Zapro\u00ad\u015bcie zna\u00adjo\u00admych , przyjd\u017a\u00adcie aby odpo\u00adcz\u0105\u0107 od zgie\u0142\u00adku codzien\u00adno\u00ad\u015bci przy natu\u00adral\u00adnym ogniu i&nbsp;zmy\u00ads\u0142o\u00adwej muzy\u00adce, to Wasz czas  relak\u00adsu . <br><br>Pozdra\u00adwiam ser\u00addecz\u00adnie w&nbsp;imie\u00adniu orga\u00adni\u00adza\u00adto\u00adr\u00f3w. <br>Tade\u00adusz Soi\u0144\u00adski 609803728<\/p>\n","protected":false},"excerpt":{"rendered":"<p>Zbli\u00ad\u017ca si\u0119 mie\u00adsi\u0105c marzec , jak marzec to kolej\u00adne spo\u00adtka\u00adnie inte\u00adgra\u00adcyj\u00adne, Pt. \u201e<span class=\"caps\">PIWO<\/span> <span class=\"caps\">MARCOWE<\/span> \u201c.W dniu 2&nbsp;mar\u00adca o&nbsp;godzi\u00adnie 19.00 spo\u00adtkaj\u00admy si\u0119 w&nbsp;Wigwa\u00admie na \u0141ysej G\u00f3rze \u201a<span class=\"caps\">KICIN<\/span> uli\u00adca Okr\u0119\u017c\u00adna 18 na kolej\u00adnym piwie mar\u00adco\u00adwym.Bursz\u00adty\u00adno\u00adwy nap\u00f3j zabez\u00adpie\u00adcza sto\u00adwa\u00adrzy\u00adsze\u00adnie , pro\u00adsi\u00admy prze\u00adnie\u00ad\u015bcie sma\u00adko\u00ad\u0142y\u00adki na wsp\u00f3l\u00adny st\u00f3\u0142 . przy\u00adgo\u00adtu\u00adje\u00admy r\u00f3w\u00adnie\u017c kaw\u0119 , her\u00adba\u00adt\u0119 , oraz barszcz czer\u00adwo\u00adny .B\u0119dzie zmys\u0142owa&nbsp;[\u2026]<\/p>\n","protected":false},"author":2,"featured_media":0,"comment_status":"closed","ping_status":"closed","sticky":false,"template":"","format":"standard","meta":{"wp_typography_post_enhancements_disabled":false},"categories":[1],"tags":[],"_links":{"self":[{"href":"https:\/\/kicinlen.pl\/index.php?rest_route=\/wp\/v2\/posts\/1565"}],"collection":[{"href":"https:\/\/kicinlen.pl\/index.php?rest_route=\/wp\/v2\/posts"}],"about":[{"href":"https:\/\/kicinlen.pl\/index.php?rest_route=\/wp\/v2\/types\/post"}],"author":[{"embeddable":true,"href":"https:\/\/kicinlen.pl\/index.php?rest_route=\/wp\/v2\/users\/2"}],"replies":[{"embeddable":true,"href":"https:\/\/kicinlen.pl\/index.php?rest_route=%2Fwp%2Fv2%2Fcomments&post=1565"}],"version-history":[{"count":2,"href":"https:\/\/kicinlen.pl\/index.php?rest_route=\/wp\/v2\/posts\/1565\/revisions"}],"predecessor-version":[{"id":1570,"href":"https:\/\/kicinlen.pl\/index.php?rest_route=\/wp\/v2\/posts\/1565\/revisions\/1570"}],"wp:attachment":[{"href":"https:\/\/kicinlen.pl\/index.php?rest_route=%2Fwp%2Fv2%2Fmedia&parent=1565"}],"wp:term":[{"taxonomy":"category","embeddable":true,"href":"https:\/\/kicinlen.pl\/index.php?rest_route=%2Fwp%2Fv2%2Fcategories&post=1565"},{"taxonomy":"post_tag","embeddable":true,"href":"https:\/\/kicinlen.pl\/index.php?rest_route=%2Fwp%2Fv2%2Ftags&post=1565"}],"curies":[{"name":"wp","href":"https:\/\/api.w.org\/{rel}","templated":true}]}}