{"id":1630,"date":"2025-02-09T19:10:49","date_gmt":"2025-02-09T18:10:49","guid":{"rendered":"https:\/\/kicinlen.pl\/?p=1630"},"modified":"2025-02-10T10:29:22","modified_gmt":"2025-02-10T09:29:22","slug":"zapraszamy-na-koncert","status":"publish","type":"post","link":"https:\/\/kicinlen.pl\/?p=1630","title":{"rendered":"Zapraszamy na koncert."},"content":{"rendered":"\n<figure class=\"wp-block-image size-large is-resized\"><a href=\"https:\/\/kicinlen.pl\/wp-content\/uploads\/2025\/02\/image.png\"><img loading=\"lazy\" src=\"https:\/\/kicinlen.pl\/wp-content\/uploads\/2025\/02\/image.png\" alt class=\"wp-image-1631\" width=\"408\" height=\"569\" srcset=\"https:\/\/kicinlen.pl\/wp-content\/uploads\/2025\/02\/image.png 577w, https:\/\/kicinlen.pl\/wp-content\/uploads\/2025\/02\/image-215x300.png 215w, https:\/\/kicinlen.pl\/wp-content\/uploads\/2025\/02\/image-144x200.png 144w\" sizes=\"(max-width: 408px) 100vw, 408px\"><\/a><figcaption><strong><em>Sza\u00adnow\u00adni, dro\u00addzy przy\u00adja\u00adcie\u00adle&nbsp;&nbsp;Sto\u00adwa\u00adrzy\u00adsze\u00adnia \u201eLen\u201d,<\/em><\/strong><br><br><strong><em>W ci\u0105\u00adgu ostat\u00adnich lat mie\u00adli\u00ad\u015bcie oka\u00adzj\u0119 s\u0142u\u00adcha\u0107 naszych wyst\u0119\u00adp\u00f3w pod\u00adczas kici\u0144\u00adskie\u00adgo \u201eKon\u00adcer\u00adtu na wodzie\u201d. Tym razem pra\u00adgn\u0119\u00adli\u00adby\u00ad\u015bmy zapro\u00adsi\u0107 Was na kon\u00adcert, kt\u00f3\u00adrym pro\u00admu\u00adje\u00admy nasz\u0105 p\u0142y\u00adt\u0119 \u201eEmo\u00adtions\u201d oraz \u015bwi\u0119\u00adtu\u00adje\u00admy 35 lecie ist\u00adnie\u00adnia duo. Mi\u0142o nam poin\u00adfor\u00admo\u00adwa\u0107 Was, \u017ce w&nbsp;ostat\u00adnim tygo\u00addniu dotar\u00ad\u0142a do nas nie\u00adzwy\u00adkle przy\u00adjem\u00adna recen\u00adzja z&nbsp;fran\u00adcu\u00adskie\u00adgo mie\u00adsi\u0119cz\u00adni\u00adka \u201eCilc\u00adMa\u00adga\u00adzi\u00adne\u201d, w&nbsp;kt\u00f3\u00adrej czy\u00adta\u00admy mi\u0119\u00addzy inny\u00admi: Duet wyko\u00adnaw\u00adc\u00f3w zachwy\u00adca \u2014 pre\u00adzen\u00adtu\u00adj\u0105 oni kom\u00adpo\u00adzy\u00adcje z&nbsp;bogac\u00adtwem brzmie\u00adnia, nie\u00adzwy\u00adk\u0142\u0105 eks\u00adpre\u00adsj\u0105 i&nbsp;pe\u0142\u00adnym zaan\u00adga\u00ad\u017co\u00adwa\u00adniem, pod\u00adkre\u00ad\u015bla\u00adj\u0105c pi\u0119k\u00adno i&nbsp;emo\u00adcjo\u00adnal\u00adn\u0105 g\u0142\u0119\u00adbi\u0119 muzy\u00adki.<\/em><\/strong><br><strong><em>Zapra\u00adsza\u00admy \u2014 Aka\u00adde\u00admia Muzycz\u00adna, Aula Nova, Pl. Ste\u00adfa\u00adna Stu\u00adli\u00adgro\u00adsza 1, pi\u0105\u00adtek 21 lute\u00adgo godzi\u00adna 18.00, wst\u0119p wol\u00adny<\/em><\/strong><br><strong><em>Duo La Valse\u201989<\/em><\/strong><br><strong><em>Anna Haas \u2014 Nie\u00adwie\u00addzia\u0142 i&nbsp;Piotr Nie\u00adwie\u00addzia\u0142<\/em><\/strong>&nbsp;<\/figcaption><\/figure>\n","protected":false},"excerpt":{"rendered":"","protected":false},"author":2,"featured_media":0,"comment_status":"closed","ping_status":"closed","sticky":false,"template":"","format":"standard","meta":{"wp_typography_post_enhancements_disabled":false},"categories":[1],"tags":[],"_links":{"self":[{"href":"https:\/\/kicinlen.pl\/index.php?rest_route=\/wp\/v2\/posts\/1630"}],"collection":[{"href":"https:\/\/kicinlen.pl\/index.php?rest_route=\/wp\/v2\/posts"}],"about":[{"href":"https:\/\/kicinlen.pl\/index.php?rest_route=\/wp\/v2\/types\/post"}],"author":[{"embeddable":true,"href":"https:\/\/kicinlen.pl\/index.php?rest_route=\/wp\/v2\/users\/2"}],"replies":[{"embeddable":true,"href":"https:\/\/kicinlen.pl\/index.php?rest_route=%2Fwp%2Fv2%2Fcomments&post=1630"}],"version-history":[{"count":2,"href":"https:\/\/kicinlen.pl\/index.php?rest_route=\/wp\/v2\/posts\/1630\/revisions"}],"predecessor-version":[{"id":1633,"href":"https:\/\/kicinlen.pl\/index.php?rest_route=\/wp\/v2\/posts\/1630\/revisions\/1633"}],"wp:attachment":[{"href":"https:\/\/kicinlen.pl\/index.php?rest_route=%2Fwp%2Fv2%2Fmedia&parent=1630"}],"wp:term":[{"taxonomy":"category","embeddable":true,"href":"https:\/\/kicinlen.pl\/index.php?rest_route=%2Fwp%2Fv2%2Fcategories&post=1630"},{"taxonomy":"post_tag","embeddable":true,"href":"https:\/\/kicinlen.pl\/index.php?rest_route=%2Fwp%2Fv2%2Ftags&post=1630"}],"curies":[{"name":"wp","href":"https:\/\/api.w.org\/{rel}","templated":true}]}}