{"id":167,"date":"2017-01-21T10:34:15","date_gmt":"2017-01-21T09:34:15","guid":{"rendered":"http:\/\/kicinlen.pl\/?p=167"},"modified":"2021-07-08T19:05:52","modified_gmt":"2021-07-08T17:05:52","slug":"chcesz-sie-do-nas-przylaczyc","status":"publish","type":"post","link":"https:\/\/kicinlen.pl\/?p=167","title":{"rendered":"Nasz Kicin i&nbsp;okolice"},"content":{"rendered":"<p style=\"text-align: justify;\">Od momen\u00adtu powsta\u00adnia nasze\u00adgo Sto\u00adwa\u00adrzy\u00adsze\u00adnia wie\u00adle uda\u00ad\u0142o nam si\u0119 razem uczy\u00adni\u0107. Dla Kici\u00adna przede wszyst\u00adkim, ale i&nbsp;dla miesz\u00adka\u0144\u00adc\u00f3w innych wsi tak\u00ad\u017ce, ponie\u00adwa\u017c spra\u00adwy takie jak funk\u00adcjo\u00adno\u00adwa\u00adnie Szko\u00ad\u0142y Pod\u00adsta\u00adwo\u00adwej w&nbsp;Kici\u00adnie, Para\u00adfii pw. \u015bw. J\u00f3ze\u00adfa w&nbsp;Kici\u00adnie oraz bul\u00adwer\u00adsu\u00adj\u0105\u00adca inwe\u00adsty\u00adcja che\u00admicz\u00adna u&nbsp;jego gra\u00adnic doty\u00adcz\u0105 te\u017c miesz\u00adka\u0144\u00adc\u00f3w Klin, Jani\u00adko\u00adwa, D\u0119bo\u00adg\u00f3\u00adry, Miel\u00adna, Wie\u00adrze\u00adni\u00adcy, Kozie\u00adg\u0142\u00f3w i&nbsp;Czer\u00adwo\u00adna\u00adka. Ostat\u00adnio zosta\u00adli\u00ad\u015bmy w\u0142\u0105\u00adcze\u00adni jako stro\u00adna post\u0119\u00adpo\u00adwa\u00adnia admi\u00adni\u00adstra\u00adcyj\u00adne\u00adgo przed RDO\u015a w&nbsp;spra\u00adwie kon\u00adtro\u00adwer\u00adsyj\u00adnej obwod\u00adni\u00adcy pla\u00adno\u00adwa\u00adnej w&nbsp;Kli\u00adnach i&nbsp;Mielnie..<\/p>\n<p style=\"text-align: justify;\">Zauwa\u017c\u00adcie, \u017ce nie repre\u00adzen\u00adtu\u00adje\u00admy \u017cad\u00adnej opcji poli\u00adtycz\u00adnej. Na pozio\u00admie lokal\u00adnym to napraw\u00add\u0119 nie ma zna\u00adcze\u00adnia. S\u0105 w\u015br\u00f3d nas oso\u00adby popie\u00adra\u00adj\u0105\u00adce par\u00adti\u0119 rz\u0105\u00addz\u0105\u00adc\u0105, s\u0105 i&nbsp;oso\u00adby b\u0119d\u0105\u00adce w&nbsp;total\u00adnej opo\u00adzy\u00adcji do dzia\u00ad\u0142a\u0144 rz\u0105\u00addu. S\u0105 oso\u00adby g\u0142\u0119\u00adbo\u00adko wie\u00adrz\u0105\u00adce, ale i&nbsp;bar\u00addziej scep\u00adtycz\u00adne. I&nbsp;co? I&nbsp;nie prze\u00adszka\u00addza nam to w&nbsp;czy\u00adnie\u00adniu rze\u00adczy dobrych i&nbsp;potrzeb\u00adnych tutaj, u&nbsp;nas, w&nbsp;naszej prze\u00adpi\u0119k\u00adnej okolicy!<\/p>\n<p style=\"text-align: justify;\">Zna\u00adcie nas oso\u00adbi\u00ad\u015bcie. S\u0105 w\u015br\u00f3d nas oso\u00adby star\u00adsze, s\u0105 i&nbsp;ojco\u00adwie i&nbsp;mat\u00adki rodzin z&nbsp;ma\u0142y\u00admi dzie\u0107\u00admi, s\u0105 rol\u00adni\u00adcy, biz\u00adnes\u00adme\u00adni, nauczy\u00adcie\u00adle, arty\u00ad\u015bci, leka\u00adrze, praw\u00adni\u00adcy. Zwy\u00adkli nie\u00adzwy\u00adkli. Aktyw\u00adni cz\u0142on\u00adko\u00adwie Sto\u00adwa\u00adrzy\u00adsze\u00adnia to oko\u00ad\u0142o 20 os\u00f3b, ale bywa, \u017ce na spo\u00adtka\u00adniach w&nbsp;Wigwa\u00admie sym\u00adpa\u00adty\u00adk\u00f3w Lnu jest ponad set\u00adka:) Do r\u00f3\u017c\u00adnych akcji, zbi\u00f3\u00adrek pie\u00adni\u0119\u00addzy na wa\u017c\u00adne cele, w&nbsp;festy\u00adny przy\u00ad\u0142\u0105\u00adcza\u00adj\u0105 si\u0119 ca\u0142e wsie. Zapra\u00adsza\u00admy na spo\u00adtka\u00adnia Lnu oraz do w\u0142\u0105\u00adcze\u00adnia si\u0119 w&nbsp;r\u00f3\u017c\u00adne sym\u00adpa\u00adtycz\u00adne ini\u00adcja\u00adty\u00adwy (na przy\u00adk\u0142ad jesien\u00adny Pik\u00adnik Czte\u00adrech Wiel\u00adkich) oraz w&nbsp;nie\u00adko\u0144\u00adcz\u0105\u00adc\u0105 si\u0119, nie\u00adste\u00adty, bata\u00adli\u0119 prze\u00adciw inwe\u00adsty\u00adcji Bros. Z&nbsp;tego wzgl\u0119\u00addu, za chwi\u00adl\u0119 zno\u00adwu b\u0119dzie\u00admy potrze\u00adbo\u00adwa\u0107 Waszej pomo\u00adcy, praw\u00adnej, orga\u00adni\u00adza\u00adcyj\u00adnej i&nbsp;finansowej.<\/p>\n<p style=\"text-align: justify;\">B\u0105d\u017a\u00admy razem \u2014 dop\u00f3\u00adki ist\u00adnie\u0107 b\u0119dzie nasz pi\u0119k\u00adny&nbsp;Kicin.<\/p>\n<p style=\"text-align: right;\">zarz\u0105d Sto\u00adwa\u00adrzy\u00adsze\u00adnia&nbsp;Len<\/p>\n<p style=\"text-align: right;\">autor wpi\u00adsu: Ewa Piro\u00adgow\u00adska, wice-pre\u00adzes i&nbsp;sekre\u00adtarz Sto\u00adwa\u00adrzy\u00adsze\u00adnia do 6.08.2020<\/p>\n<p style=\"text-align: right;\">edit: Has\u0142o \u201eB\u0105d\u017a\u00admy razem\u201c jest u\u017cy\u00adwa\u00adne od nie\u00addaw\u00adna, tj. od roku 2020, przez <span class=\"caps\">TVP<\/span>. Pro\u00adsi\u00admy w&nbsp;\u017caden spo\u00ads\u00f3b nie koja\u00adrzy\u0107 Sto\u00adwa\u00adrzy\u00adsze\u00adnia \u201eLen\u201c ze stan\u00addar\u00adda\u00admi&nbsp;<span class=\"caps\">TVP<\/span>.<\/p>\n<p style=\"text-align: justify;\"><!--more--><\/p>\n","protected":false},"excerpt":{"rendered":"<p>Od momen\u00adtu powsta\u00adnia nasze\u00adgo Sto\u00adwa\u00adrzy\u00adsze\u00adnia wie\u00adle uda\u00ad\u0142o nam si\u0119 razem uczy\u00adni\u0107. Dla Kici\u00adna przede wszyst\u00adkim, ale i&nbsp;dla miesz\u00adka\u0144\u00adc\u00f3w innych wsi tak\u00ad\u017ce, ponie\u00adwa\u017c spra\u00adwy takie jak funk\u00adcjo\u00adno\u00adwa\u00adnie Szko\u00ad\u0142y Pod\u00adsta\u00adwo\u00adwej w&nbsp;Kici\u00adnie, Para\u00adfii pw. \u015bw. J\u00f3ze\u00adfa w&nbsp;Kici\u00adnie oraz bul\u00adwer\u00adsu\u00adj\u0105\u00adca inwe\u00adsty\u00adcja che\u00admicz\u00adna u&nbsp;jego gra\u00adnic doty\u00adcz\u0105 te\u017c miesz\u00adka\u0144\u00adc\u00f3w Klin, Jani\u00adko\u00adwa, D\u0119bo\u00adg\u00f3\u00adry, Miel\u00adna, Wie\u00adrze\u00adni\u00adcy, Kozie\u00adg\u0142\u00f3w i&nbsp;Czer\u00adwo\u00adna\u00adka. Ostat\u00adnio zosta\u00adli\u00ad\u015bmy w\u0142\u0105\u00adcze\u00adni jako strona&nbsp;[\u2026]<\/p>\n","protected":false},"author":1,"featured_media":0,"comment_status":"closed","ping_status":"closed","sticky":false,"template":"","format":"standard","meta":{"wp_typography_post_enhancements_disabled":false},"categories":[25,20],"tags":[],"_links":{"self":[{"href":"https:\/\/kicinlen.pl\/index.php?rest_route=\/wp\/v2\/posts\/167"}],"collection":[{"href":"https:\/\/kicinlen.pl\/index.php?rest_route=\/wp\/v2\/posts"}],"about":[{"href":"https:\/\/kicinlen.pl\/index.php?rest_route=\/wp\/v2\/types\/post"}],"author":[{"embeddable":true,"href":"https:\/\/kicinlen.pl\/index.php?rest_route=\/wp\/v2\/users\/1"}],"replies":[{"embeddable":true,"href":"https:\/\/kicinlen.pl\/index.php?rest_route=%2Fwp%2Fv2%2Fcomments&post=167"}],"version-history":[{"count":9,"href":"https:\/\/kicinlen.pl\/index.php?rest_route=\/wp\/v2\/posts\/167\/revisions"}],"predecessor-version":[{"id":1699,"href":"https:\/\/kicinlen.pl\/index.php?rest_route=\/wp\/v2\/posts\/167\/revisions\/1699"}],"wp:attachment":[{"href":"https:\/\/kicinlen.pl\/index.php?rest_route=%2Fwp%2Fv2%2Fmedia&parent=167"}],"wp:term":[{"taxonomy":"category","embeddable":true,"href":"https:\/\/kicinlen.pl\/index.php?rest_route=%2Fwp%2Fv2%2Fcategories&post=167"},{"taxonomy":"post_tag","embeddable":true,"href":"https:\/\/kicinlen.pl\/index.php?rest_route=%2Fwp%2Fv2%2Ftags&post=167"}],"curies":[{"name":"wp","href":"https:\/\/api.w.org\/{rel}","templated":true}]}}