{"id":175,"date":"2011-03-03T11:04:10","date_gmt":"2011-03-03T10:04:10","guid":{"rendered":"http:\/\/kicinlen.pl\/?p=175"},"modified":"2014-09-03T12:31:39","modified_gmt":"2014-09-03T10:31:39","slug":"benigna-i-janusz-jaskulscy-honorowi-czlonkowie-stowarzyszenia","status":"publish","type":"post","link":"https:\/\/kicinlen.pl\/?p=175","title":{"rendered":"Benigna i&nbsp;Janusz Jaskulscy"},"content":{"rendered":"<p style=\"text-align: justify;\">Gdy w&nbsp;1996 roku Ewa Mazur za\u0142o\u00ad\u017cy\u00ad\u0142a Sto\u00adwa\u00adrzy\u00adsze\u00adnie zaj\u00admu\u00adj\u0105\u00adce si\u0119 gro\u00adma\u00addze\u00adniem \u015brod\u00adk\u00f3w na odno\u00adw\u0119 dzwo\u00adn\u00f3w, wte\u00addy na hory\u00adza\u00adon\u00adcie poja\u00adwi\u00adli si\u0119 Beni\u00adgna i&nbsp;Janusz Jaskul\u00adscy. W\u0142\u0105\u00adczy\u00adli si\u0119 w&nbsp;t\u0105 akcj\u0119 i&nbsp;tak ju\u017c w&nbsp;grud\u00adniu (1996 r) roz\u00adpo\u00adcz\u0105\u0142 si\u0119 cykl kon\u00adcer\u00adt\u00f3w w&nbsp;Kici\u0144\u00adskim ko\u015bci\u00f3\u0142\u00adku. By\u0142y wspa\u00adnia\u00ad\u0142e, na bar\u00addzo wyso\u00adkim pozio\u00admie arty\u00adstycz\u00adnym, wyst\u0119\u00adpy zna\u00adnych oso\u00adbi\u00adsto\u00ad\u015bci ze \u015bwia\u00adta muzycz\u00adne\u00adgo. Od tam\u00adtych chwil Jaskul\u00adscy zako\u00adcha\u00adli si\u0119 w&nbsp;Kici\u00adnie. Zako\u00adcha\u00adli si\u0119 w&nbsp;Ko\u015bci\u00f3\u0142\u00adku, \u015aw. J\u00f3ze\u00adfie, w&nbsp;Ksi\u0119\u00addzu Paw\u00adla\u00adku, w&nbsp;kra\u00adjo\u00adbra\u00adzie \u2013 polach i&nbsp;lasach, ale tak\u00ad\u017ce ludziach z&nbsp;Kici\u00adna. Cz\u0119\u00adsto roz\u00adma\u00adwia\u00adli o&nbsp;wio\u00adsce, o&nbsp;ludziach z&nbsp;Kici\u00adna. I&nbsp;zasta\u00adna\u00adwia\u00adli si\u0119 jak pom\u00f3c Kici\u00adnia\u00adkom. Co roku przy\u00adwo\u00adzi\u00adli do Kici\u00adna r\u00f3\u017c\u00adnych arty\u00adst\u00f3w, kt\u00f3\u00adrzy wyst\u0119\u00adpo\u00adwa\u00adli w&nbsp;ko\u015bci\u00f3\u0142\u00adku. Kon\u00adcer\u00adty, kt\u00f3\u00adre odby\u00adwa\u00ad\u0142y si\u0119 w&nbsp;Muzeum Instru\u00admen\u00adt\u00f3w Muzycz\u00adnych p\u00f3\u017a\u00adniej (a nie\u00adraz w&nbsp;tym samym dniu) mia\u00ad\u0142y miej\u00adsce w&nbsp;\u015awi\u0105\u00adty\u00adni kici\u0144\u00adskiej. Na tym nie poprze\u00adsta\u00adli i&nbsp;Beni\u00adgna Jaskul\u00adska sama wyst\u0119\u00adpo\u00adwa\u00ad\u0142a w&nbsp;kon\u00adcer\u00adtach w&nbsp;Kici\u00adnie. My\u015ble\u00adli tak\u00ad\u017ce (i usil\u00adnie zmie\u00adrza\u00adli do tego) \u017ceby stwo\u00adrzy\u0107 orga\u00adni\u00adza\u00adcj\u0119 (sto\u00adwa\u00adrzy\u00adsze\u00adnie?) na wz\u00f3r dzi\u00adsiej\u00adsze\u00adgo <span class=\"caps\">LNU<\/span>. Ich mi\u0142o\u015b\u0107 do Kici\u00adna wyda\u00adje wspa\u00adnia\u00ad\u0142e&nbsp;owoce.<\/p>\n<p><!--more--><strong><span class=\"caps\">BENIGNA<\/span> <span class=\"caps\">JASKULSKA<\/span><\/strong><\/p>\n<p style=\"text-align: justify;\">Uko\u0144\u00adczy\u00ad\u0142a kolej\u00adno stu\u00addia polo\u00adni\u00adstycz\u00adne na Wydzia\u00adle Filo\u00adlo\u00adgicz\u00adnym <span class=\"caps\">UAM<\/span>, stu\u00addia wokal\u00adne w&nbsp;pozna\u0144\u00adskiej Aka\u00adde\u00admii Muzycz\u00adnej, Stu\u00addium Peda\u00adgo\u00adgi\u00adki Wokal\u00adnej i&nbsp;stu\u00addia pody\u00adplo\u00admo\u00adwe w&nbsp;zakre\u00adsie \u015bpie\u00adwu solo\u00adwe\u00adgo w&nbsp;Hoch\u00adschu\u00adle fur Musik und dar\u00adstel\u00adlen\u00adde Kunst we Wied\u00adniu. Swo\u00adj\u0105 sztu\u00adk\u0119 wokal\u00adn\u0105 dosko\u00adna\u00adli\u00ad\u0142a tak\u00ad\u017ce pod\u00adczas wie\u00adlu kur\u00ads\u00f3w w&nbsp;Pol\u00adsce i&nbsp;zagra\u00adni\u00adc\u0105, pra\u00adcu\u00adj\u0105c pod kie\u00adrun\u00adkiem mistrz\u00f3w takich jak Ste\u00adfa\u00adnia Woy\u00adto\u00adwicz, &nbsp;Claus Ocker, Chri\u00adstian Elsner, Pop\u00adpy Hol\u00adden. Repre\u00adzen\u00adto\u00adwa\u00ad\u0142a Pol\u00adsk\u0119 w&nbsp;sze\u00adre\u00adgu festi\u00adwa\u00adli muzycz\u00adnych w&nbsp;Euro\u00adpie, m.in. w&nbsp;Kas\u00adsel, Wied\u00adniu, Ins\u00adbruc\u00adku, Pary\u00ad\u017cu, Ren\u00adnes oraz w&nbsp;A\u0142ma\u00adty \/Kazachstan\/.<\/p>\n<p style=\"text-align: justify;\">Jest jed\u00adn\u0105 z&nbsp;nie\u00adlicz\u00adnych arty\u00adstek w&nbsp;Pol\u00adsce, kt\u00f3\u00adra &nbsp;wyst\u0119\u00adpu\u00adje z&nbsp;akom\u00adpa\u00adnia\u00admen\u00adtem m.in. akor\u00adde\u00adon\u00f3w; jej \u015bpiew z&nbsp;towa\u00adrzy\u00adsze\u00adniem duetu akor\u00adde\u00adono\u00adwe\u00adgo Tere\u00adsy i&nbsp;Jerze\u00adgo Kaszu\u00adb\u00f3w, docze\u00adka\u0142 si\u0119 reje\u00adstra\u00adcji p\u0142y\u00adto\u00adwej (2002). Wiel\u00adk\u0105 satys\u00adfak\u00adcj\u0119 spra\u00adwi\u00ad\u0142a jej wsp\u00f3\u0142\u00adpra\u00adca kon\u00adcer\u00adto\u00adwa z&nbsp;Wal\u00adde\u00adma\u00adrem Malic\u00adkim i&nbsp;Lesz\u00adkiem Mo\u017c\u00add\u017ce\u00adrem, w&nbsp;reper\u00adtu\u00adarze zar\u00f3w\u00adno kla\u00adsycz\u00adnym jak i&nbsp;jazzowym.<\/p>\n<p style=\"text-align: justify;\">W \u015bro\u00addo\u00adwi\u00adsku ch\u00f3\u00adral\u00adnym i&nbsp;wokal\u00adnym Beni\u00adgna Jaskul\u00adska jest te\u017c zna\u00adnym i&nbsp;cenio\u00adnym za kom\u00adpe\u00adten\u00adcj\u0119, obiek\u00adty\u00adwizm i&nbsp;pozy\u00adtyw\u00adn\u0105 moty\u00adwa\u00adcj\u0119 juro\u00adrem. Na co dzie\u0144 artyst\u00adka pra\u00adcu\u00adje jako wyk\u0142a\u00addow\u00adca na Wydzia\u00adle Teo\u00adlo\u00adgicz\u00adnym (muzy\u00adka sakral\u00adna) <span class=\"caps\">UAM<\/span>, Wydzia\u00adle Edu\u00adka\u00adcji Arty\u00adstycz\u00adnej <span class=\"caps\">ASP<\/span> oraz jako nauczy\u00adciel \u015bpie\u00adwu solo\u00adwe\u00adgo i&nbsp;emi\u00adsji g\u0142o\u00adsu w&nbsp;<span class=\"caps\">POSM<\/span> <span class=\"caps\">II<\/span> st. w&nbsp;Pozna\u00adniu. Naj\u00adwi\u0119k\u00adsza licz\u00adba jej dotych\u00adcza\u00adso\u00adwych suk\u00adce\u00ads\u00f3w peda\u00adgo\u00adgicz\u00adnych wi\u0105\u00ad\u017ce si\u0119 z&nbsp;Ch\u00f3\u00adrem Dziew\u00adcz\u0119\u00adcym \u201eSkow\u00adron\u00adki\u201d. Wsp\u00f3\u0142\u00adpra\u00adca Beni\u00adgny Jaskul\u00adskiej z&nbsp;dyry\u00adgent\u00adk\u0105 zespo\u00ad\u0142u, Ali\u00adcj\u0105 Sze\u00adlu\u00adg\u0105, zaowo\u00adco\u00adwa\u00ad\u0142a bli\u00adsko dwu\u00addzie\u00adsto\u00adma &nbsp;nagro\u00adda\u00admi dla zespo\u00ad\u0142u na pre\u00adsti\u00ad\u017co\u00adwych, ch\u00f3\u00adral\u00adnych kon\u00adkur\u00adsach mi\u0119\u00addzy\u00adna\u00adro\u00addo\u00adwych ( ponad\u00adto nagro\u00addy spe\u00adcjal\u00adne za brzmie\u00adnie zespo\u0142u).<\/p>\n<div><strong>&nbsp;<\/strong><\/div>\n<div><strong><span class=\"caps\">JANUSZ<\/span> <span class=\"caps\">JASKULSKI<\/span> &nbsp;\u2014 &nbsp;etno\u00adlog-folk\u00adlo\u00adry\u00adsta, muze\u00adal\u00adnik-instru\u00admen\u00adto\u00adlog, ani\u00adma\u00adtor kultury<\/strong><\/div>\n<p style=\"text-align: justify;\"><strong>Wykszta\u0142\u00adce\u00adnie: <\/strong><\/p>\n<ol>\n<li>stu\u00addia wy\u017c\u00adsze na Uni\u00adwer\u00adsy\u00adte\u00adcie im. Ada\u00adma Mic\u00adkie\u00adwi\u00adcza w&nbsp;Pozna\u00adniu: etno\u00adlo\u00adgia, etnomuzykologia.<\/li>\n<li>stu\u00addia pody\u00adplo\u00admo\u00adwe na Uni\u00adver\u00adsi\u00addad Cen\u00adtral w&nbsp;Cara\u00adcas \/Wenezuela\/; ame\u00adry\u00adka\u00adni\u00adsty\u00adka ( w&nbsp;tym-instrumentoznawstwo&nbsp;)<\/li>\n<li>sty\u00adpen\u00addium w&nbsp;muze\u00adach austriac\u00adkich (Wie\u00adde\u0144, Salzburg)<\/li>\n<\/ol>\n<p style=\"text-align: justify;\"><strong>Pra\u00adca + cz\u0142onkostwo:<\/strong><\/p>\n<ol>\n<li>Muzeum Instru\u00admen\u00adt\u00f3w Muzycz\u00adnych w&nbsp;Pozna\u00adniu \u2014 od asy\u00adsten\u00adta po kusto\u00adsza i&nbsp;kierownika<\/li>\n<li>Cz\u0142on\u00adko\u00adstwo:\n<ul>\n<li>Pol\u00adskie\u00adgo Towa\u00adrzy\u00adstwa Ludoznawczego<\/li>\n<li>Pol\u00adskie\u00adgo Towa\u00adrzy\u00adstwa Stu\u00addi\u00f3w Latyno-Amerykanistycznych<\/li>\n<li>Wiel\u00adko\u00adpol\u00adskie\u00adgo Sto\u00adwa\u00adrzy\u00adsze\u00adnia Pomo\u00adcy Pola\u00adkom na Wscho\u00addzie \u201eOsto\u00adja\u201d w&nbsp;Poznaniu<\/li>\n<li>Sto\u00adwa\u00adrzy\u00adsze\u00adnia Muzy\u00adk\u00f3w Ludo\u00adwych w&nbsp;Zb\u0105szyniu<\/li>\n<li>Sto\u00adwa\u00adrzy\u00adsze\u00adnia Lokal\u00adna Gru\u00adpa Dzia\u00ad\u0142a\u00adnia Regio\u00adnu&nbsp;Koz\u0142a<\/li>\n<\/ul>\n<\/li>\n<\/ol>\n<p style=\"text-align: justify;\"><strong>Do\u015bwiad\u00adcze\u00adnie w&nbsp;reali\u00adza\u00adcji projekt\u00f3w:&nbsp;<\/strong><\/p>\n<ol>\n<li>Wiel\u00adko\u00adpol\u00adskie Spo\u00adtka\u00adnia Budow\u00adni\u00adczych Dud i&nbsp;Koz\u0142\u00f3w,<\/li>\n<li>Spo\u00adtka\u00adnia Kol\u0119d\u00adni\u00adk\u00f3w-Dudzia\u00adrzy w&nbsp;Po\u0142ajewie,<\/li>\n<li>Kon\u00adkurs Muzy\u00adki Ludo\u00adwej w&nbsp;Kopanicy,<\/li>\n<li>redak\u00adcja rocz\u00adni\u00adk\u00f3w \u201eDuda i&nbsp;kozie\u0142\u201d + wsp\u00f3\u0142\u00adred. \u201eKo\u017a\u00adlar\u00adskich&nbsp;Spraw\u201d,<\/li>\n<li>wysta\u00adwy muze\u00adal\u00adne kra\u00adjo\u00adwe i&nbsp;zagraniczne,<\/li>\n<li>kata\u00adlo\u00adgi, fol\u00adde\u00adry i&nbsp;prze\u00adwod\u00adni\u00adki zbior\u00f3w,<\/li>\n<li>pre\u00adlek\u00adcje, refe\u00adra\u00adty, wyk\u0142ady,<\/li>\n<li>bada\u00adnia tere\u00adno\u00adwe i&nbsp;archi\u00adwal\u00adne w&nbsp;Ame\u00adry\u00adce, Po\u0142u\u00addnio\u00adwej, Kazach\u00adsta\u00adnie, Wiel\u00adko\u00adpol\u00adsce oraz in. regio\u00adnach&nbsp;kraju,<\/li>\n<li>wyk\u0142a\u00addy na&nbsp;<span class=\"caps\">UAM<\/span>,<\/li>\n<li>juror kraj. i&nbsp;zagr. kon\u00adkur\u00ads\u00f3w: Buk\u00f3\u00adwiec, Zb\u0105\u00adszy\u0144, Ora\u00advska Polhora.<\/li>\n<\/ol>\n","protected":false},"excerpt":{"rendered":"<p>Gdy w&nbsp;1996 roku Ewa Mazur za\u0142o\u00ad\u017cy\u00ad\u0142a Sto\u00adwa\u00adrzy\u00adsze\u00adnie zaj\u00admu\u00adj\u0105\u00adce si\u0119 gro\u00adma\u00addze\u00adniem \u015brod\u00adk\u00f3w na odno\u00adw\u0119 dzwo\u00adn\u00f3w, wte\u00addy na hory\u00adza\u00adon\u00adcie poja\u00adwi\u00adli si\u0119 Beni\u00adgna i&nbsp;Janusz Jaskul\u00adscy. W\u0142\u0105\u00adczy\u00adli si\u0119 w&nbsp;t\u0105 akcj\u0119 i&nbsp;tak ju\u017c w&nbsp;grud\u00adniu (1996 r) roz\u00adpo\u00adcz\u0105\u0142 si\u0119 cykl kon\u00adcer\u00adt\u00f3w w&nbsp;Kici\u0144\u00adskim ko\u015bci\u00f3\u0142\u00adku. By\u0142y wspa\u00adnia\u00ad\u0142e, na bar\u00addzo wyso\u00adkim pozio\u00admie arty\u00adstycz\u00adnym, wyst\u0119\u00adpy zna\u00adnych oso\u00adbi\u00adsto\u00ad\u015bci ze \u015bwia\u00adta muzycz\u00adne\u00adgo. Od tam\u00adtych chwil Jaskul\u00adscy zakochali&nbsp;[\u2026]<\/p>\n","protected":false},"author":1,"featured_media":0,"comment_status":"closed","ping_status":"closed","sticky":false,"template":"","format":"standard","meta":{"wp_typography_post_enhancements_disabled":false},"categories":[23],"tags":[],"_links":{"self":[{"href":"https:\/\/kicinlen.pl\/index.php?rest_route=\/wp\/v2\/posts\/175"}],"collection":[{"href":"https:\/\/kicinlen.pl\/index.php?rest_route=\/wp\/v2\/posts"}],"about":[{"href":"https:\/\/kicinlen.pl\/index.php?rest_route=\/wp\/v2\/types\/post"}],"author":[{"embeddable":true,"href":"https:\/\/kicinlen.pl\/index.php?rest_route=\/wp\/v2\/users\/1"}],"replies":[{"embeddable":true,"href":"https:\/\/kicinlen.pl\/index.php?rest_route=%2Fwp%2Fv2%2Fcomments&post=175"}],"version-history":[{"count":4,"href":"https:\/\/kicinlen.pl\/index.php?rest_route=\/wp\/v2\/posts\/175\/revisions"}],"predecessor-version":[{"id":207,"href":"https:\/\/kicinlen.pl\/index.php?rest_route=\/wp\/v2\/posts\/175\/revisions\/207"}],"wp:attachment":[{"href":"https:\/\/kicinlen.pl\/index.php?rest_route=%2Fwp%2Fv2%2Fmedia&parent=175"}],"wp:term":[{"taxonomy":"category","embeddable":true,"href":"https:\/\/kicinlen.pl\/index.php?rest_route=%2Fwp%2Fv2%2Fcategories&post=175"},{"taxonomy":"post_tag","embeddable":true,"href":"https:\/\/kicinlen.pl\/index.php?rest_route=%2Fwp%2Fv2%2Ftags&post=175"}],"curies":[{"name":"wp","href":"https:\/\/api.w.org\/{rel}","templated":true}]}}