{"id":180,"date":"2011-02-21T11:13:16","date_gmt":"2011-02-21T10:13:16","guid":{"rendered":"http:\/\/kicinlen.pl\/?p=180"},"modified":"2014-09-03T12:26:36","modified_gmt":"2014-09-03T10:26:36","slug":"o-miejscowosci","status":"publish","type":"post","link":"https:\/\/kicinlen.pl\/?p=180","title":{"rendered":"O miejscowo\u015bci"},"content":{"rendered":"<p>Du\u017ca, roz\u00adle\u00adg\u0142a wie\u015b po\u0142o\u00ad\u017co\u00adna po\u0142u\u00addnio\u00adwym sk\u0142o\u00adnie Dzie\u00adwi\u00adczej G\u00f3ry i&nbsp;pag\u00f3r\u00adkach more\u00adny czo\u00ad\u0142o\u00adwej. Sw\u0105 rze\u017a\u00adb\u0119 powierzch\u00adni Kicin zawdzi\u0119\u00adcza ostat\u00adnie\u00admu okre\u00adso\u00adwi lodow\u00adco\u00adwe\u00admu (tzw. sta\u00addia\u0142 pozna\u0144\u00adski zlo\u00addo\u00adwa\u00adce\u00adnia ba\u0142\u00adtyc\u00adkie\u00adgo). Cz\u0119\u015b\u0107 zachod\u00adnia i&nbsp;p\u00f3\u0142\u00adnoc\u00adna bez\u00adpo\u00ad\u015bred\u00adnio przy\u00adle\u00adga do Pusz\u00adczy Zie\u00adlon\u00adki. Wio\u00adska le\u017cy na tere\u00adnie gmi\u00adny Czer\u00adwo\u00adnak w&nbsp;powie\u00adcie pozna\u0144\u00adskim, przy dro\u00addze z&nbsp;Pozna\u00adnia przez Kli\u00adny do Wie\u00adrzon\u00adki i&nbsp;odcho\u00addz\u0105\u00adcych od niej dro\u00adgach bocznych.<\/p>\n<p><!--more-->W \u017ar\u00f3\u00add\u0142ach pisa\u00adnych wie\u015b Kicin poja\u00adwi\u00ad\u0142a si\u0119 w&nbsp;roku 1316. Pierw\u00adsza wzmian\u00adka zawar\u00adta jest w&nbsp;doku\u00admen\u00adcie bisku\u00adpa Jana Doli\u00adwy dla Kici\u0144\u00adskie\u00adgo so\u0142ectwa.<br>\nW&nbsp;\u015bre\u00addnio\u00adwiecz\u00adnych doku\u00admen\u00adtach nazwa Kicin wyst\u0119\u00adpo\u00adwa\u00ad\u0142a jako: Kici\u00adno, Kyci\u00adno, Kisczi\u00adna, Kyczy\u00adna i&nbsp;ozna\u00adcza\u00ad\u0142a po pro\u00adstu \u201esno\u00adpek\u201d. Zamien\u00adne okre\u00ad\u015ble\u00adnie dla Kici\u00adna to Snop\u00adko\u00adwo. Wyraz ten pocho\u00addzi od kity, p\u0119ku w\u0142\u00f3\u00adkien, a&nbsp;tak\u00ad\u017ce od mia\u00adry lnu (by\u0107 mo\u017ce snop\u00adka&nbsp;lnu).<\/p>\n<p>Kita to r\u00f3w\u00adnie\u017c nazwi\u00adsko dzier\u00ad\u017caw\u00adcy Kici\u0144\u00adskie\u00adgo. W&nbsp;wio\u00adsce odkry\u00adto poje\u00addyn\u00adcze zna\u00adle\u00adzi\u00adska arche\u00adolo\u00adgicz\u00adne oraz cmen\u00adta\u00adrzy\u00adsko z&nbsp;<span class=\"caps\">II<\/span> \u2013 <span class=\"caps\">III<\/span> w.n.e (kul\u00adtu\u00adra pomor\u00adska). O&nbsp;daw\u00adnym ist\u00adnie\u00adniu osa\u00addy \u015bwiad\u00adczy ponad\u00adto &nbsp;gro\u00addzi\u00adsko sto\u017c\u00adko\u00adwa\u00adte na kt\u00f3\u00adrym stoi ko\u015bci\u00f3\u0142 i&nbsp;ple\u00adba\u00adnia. Pierw\u00adsza wzmian\u00adka o&nbsp;ko\u015bcie\u00adle w&nbsp;Kici\u00adnie pocho\u00addzi z&nbsp;1405 roku, wed\u0142ug ks. J\u00f3ze\u00adfa Nowac\u00adkie\u00adgo, \u015bwi\u0105\u00adty\u00adnia i&nbsp;pro\u00adbo\u00adstwo mog\u0142y powsta\u0107 ju\u017c w&nbsp;<span class=\"caps\">XII<\/span> wieku.<\/p>\n<p>\u015awi\u0105\u00adty\u00adnia \u2013 fun\u00addo\u00adwa\u00adna przez jed\u00adne\u00adgo z&nbsp;pro\u00adbosz\u00adcz\u00f3w kate\u00addral\u00adnych \u2013 by\u0142a w\u00f3w\u00adczas pod wezwa\u00adniem Wszyst\u00adkich \u015awi\u0119\u00adtych. Kicin nale\u00ad\u017ca\u0142 do maj\u0105t\u00adku pozna\u0144\u00adskiej kapi\u00adtu\u00ad\u0142y kate\u00addral\u00adnej, kt\u00f3\u00adrej pre\u00adpo\u00adzyt by\u0142 tytu\u00adlar\u00adnym pro\u00adbosz\u00adczem i&nbsp;kola\u00adto\u00adrem kici\u0144\u00adskim. Na para\u00adfi\u0119 sk\u0142a\u00adda\u00ad\u0142y si\u0119 sta\u00adro\u00addaw\u00adne maj\u0105t\u00adki kapi\u00adtu\u00ad\u0142y: Kicin, Czer\u00adwo\u00adnak (wte\u00addy Czer\u00adwo\u00adny M\u0142yn), Jani\u00adko\u00adwo, Kozie\u00adg\u0142o\u00adwy i&nbsp;Mechowo.<\/p>\n<p>Naj\u00adstar\u00adszy ko\u015bci\u00f3\u0142 zbu\u00addo\u00adwa\u00adny zosta\u0142 z&nbsp;drew\u00adna i&nbsp;w pierw\u00adszej po\u0142o\u00adwie <span class=\"caps\">XVII<\/span> wie\u00adku zacz\u0105\u0142 gro\u00adzi\u0107 upad\u00adkiem. Pod\u017awi\u00adgn\u0105\u0142 go ok. roku 1620 ks. Zyg\u00admunt Cie\u00adlec\u00adki, pro\u00adboszcz kate\u00addral\u00adny. W&nbsp;<span class=\"caps\">XVIII<\/span> wie\u00adku stan \u015bwi\u0105\u00adty\u00adni zn\u00f3w przed\u00adsta\u00adwia\u0142 si\u0119 tra\u00adgicz\u00adnie. W&nbsp;1742 r. stwier\u00addzo\u00adno, \u017ce nie nada\u00adje si\u0119 nawet do remon\u00adtu. W&nbsp;1749 r. ksi\u0105dz, p\u00f3\u017a\u00adniej\u00adszy biskup sufra\u00adgan pozna\u0144\u00adski Jozef Tade\u00adusz Kier\u00adski zde\u00adcy\u00addo\u00adwa\u0142 o&nbsp;roz\u00adbi\u00f3r\u00adce ko\u015bcio\u00ad\u0142a i&nbsp;budo\u00adwie nowej \u015bwi\u0105\u00adty\u00adni. Jej budo\u00adwa zosta\u00ad\u0142a uko\u0144\u00adczo\u00adna w&nbsp;1751 r. i&nbsp;od tam\u00adtej chwi\u00adli jest pw. \u015bw. J\u00f3ze\u00adfa Oblu\u00adbie\u0144\u00adca Naj\u00ad\u015bwi\u0119t\u00adszej Marii Pan\u00adny. 20 listo\u00adpa\u00adda 1752 r. ko\u015bci\u00f3\u0142 kon\u00adse\u00adkro\u00adwa\u0142 fun\u00adda\u00adtor biskup Kier\u00adski. Wraz z&nbsp;ko\u015bcio\u00ad\u0142em kon\u00adse\u00adkro\u00adwa\u00adne by\u0142y dzwo\u00adny: J\u00f3zef, Nepo\u00admu\u00adcen, Sta\u00adni\u00ads\u0142aw i&nbsp;Waw\u00adrzy\u00adniec, kt\u00f3\u00adre zawi\u00ads\u0142y na wie\u00ad\u017cy ko\u015bcielnej.<\/p>\n<p>W 1902 r. pokry\u00adcie ko\u015bcio\u00ad\u0142a z&nbsp;gon\u00adtu zmie\u00adnio\u00adno na \u0142upek. W&nbsp;1903 r. posadz\u00adk\u0119 \u2014 do tej pory drew\u00adnia\u00adn\u0105 \u2013 zamie\u00adnio\u00adno na fli\u00adsy. Nato\u00admiast w&nbsp;1931 r. wn\u0119\u00adtrze ko\u015bcio\u00ad\u0142a ozdo\u00adbi\u00ad\u0142a nowa poli\u00adchro\u00admia, ale ju\u017c w&nbsp;1966 r. arty\u00adsta malarz Szu\u00adka\u00ad\u0142a w&nbsp;ramach reno\u00adwa\u00adcji wn\u0119\u00adtrza odkry\u0142 i&nbsp;odno\u00adwi\u0142 poli\u00adchro\u00admi\u0119 pier\u00adwot\u00adn\u0105 (t\u0119 obecn\u0105).<br>\nW&nbsp;1941 r. Niem\u00adcy zamie\u00adni\u00adli ko\u015bci\u00f3\u0142 na maga\u00adzyn. W&nbsp;1980 r. ko\u015bci\u00f3\u0142 otrzy\u00adma\u0142 nowe sza\u00adlo\u00adwa\u00adnie modrze\u00adwio\u00adwe. Ze wzgl\u0119\u00addu na sta\u00adr\u0105 kon\u00adstruk\u00adcj\u0119 bel\u00adko\u00adw\u0105 wie\u00ad\u017cy, zdj\u0119\u00adto z&nbsp;niej dzwo\u00adny. Trzy z&nbsp;nich (J\u00f3zef, Nepo\u00admu\u00adcen i&nbsp;Sta\u00adni\u00ads\u0142aw) zako\u00ad\u0142y\u00adsa\u00ad\u0142y si\u0119 pod now\u0105 dzwon\u00adni\u00adc\u0105 w&nbsp;noc Bo\u017ce\u00adgo Naro\u00addze\u00adnia 1985&nbsp;r.<\/p>\n<p>Nale\u00ad\u017cy tak\u00ad\u017ce wspo\u00admnie\u0107, \u017ce z&nbsp;bene\u00adfi\u00adcjum kici\u0144\u00adskim zwi\u0105\u00adza\u00adna jest oso\u00adba Jana Kocha\u00adnow\u00adskie\u00adgo, wiel\u00adkie\u00adgo poety pol\u00adskie\u00adgo rene\u00adsan\u00adsu, kt\u00f3\u00adry w&nbsp;roku 1564 wszed\u0142 w&nbsp;posia\u00adda\u00adnie pre\u00adpo\u00adzy\u00adtu\u00adry pozna\u0144\u00adskiej. By\u0142 wi\u0119c tytu\u00adlar\u00adnym pro\u00adbosz\u00adczem ko\u015bci\u00f3\u0142\u00adka w&nbsp;Kici\u00adnie i&nbsp;\u017cy\u0142 z&nbsp;tej posa\u00addy, gdy two\u00adrzy\u0142 sw\u00f3j genial\u00adny prze\u00adk\u0142ad Psalm\u00f3w.<\/p>\n<p>Leszek Lesicz\u00adka<\/p>\n","protected":false},"excerpt":{"rendered":"<p>Du\u017ca, roz\u00adle\u00adg\u0142a wie\u015b po\u0142o\u00ad\u017co\u00adna po\u0142u\u00addnio\u00adwym sk\u0142o\u00adnie Dzie\u00adwi\u00adczej G\u00f3ry i&nbsp;pag\u00f3r\u00adkach more\u00adny czo\u00ad\u0142o\u00adwej. Sw\u0105 rze\u017a\u00adb\u0119 powierzch\u00adni Kicin zawdzi\u0119\u00adcza ostat\u00adnie\u00admu okre\u00adso\u00adwi lodow\u00adco\u00adwe\u00admu (tzw. sta\u00addia\u0142 pozna\u0144\u00adski zlo\u00addo\u00adwa\u00adce\u00adnia ba\u0142\u00adtyc\u00adkie\u00adgo). Cz\u0119\u015b\u0107 zachod\u00adnia i&nbsp;p\u00f3\u0142\u00adnoc\u00adna bez\u00adpo\u00ad\u015bred\u00adnio przy\u00adle\u00adga do Pusz\u00adczy Zie\u00adlon\u00adki. Wio\u00adska le\u017cy na tere\u00adnie gmi\u00adny Czer\u00adwo\u00adnak w&nbsp;powie\u00adcie pozna\u0144\u00adskim, przy dro\u00addze z&nbsp;Pozna\u00adnia przez Kli\u00adny do Wie\u00adrzon\u00adki i&nbsp;odcho\u00addz\u0105\u00adcych od niej dro\u00adgach bocznych.<\/p>\n","protected":false},"author":1,"featured_media":0,"comment_status":"closed","ping_status":"closed","sticky":false,"template":"","format":"standard","meta":{"wp_typography_post_enhancements_disabled":false},"categories":[21],"tags":[],"_links":{"self":[{"href":"https:\/\/kicinlen.pl\/index.php?rest_route=\/wp\/v2\/posts\/180"}],"collection":[{"href":"https:\/\/kicinlen.pl\/index.php?rest_route=\/wp\/v2\/posts"}],"about":[{"href":"https:\/\/kicinlen.pl\/index.php?rest_route=\/wp\/v2\/types\/post"}],"author":[{"embeddable":true,"href":"https:\/\/kicinlen.pl\/index.php?rest_route=\/wp\/v2\/users\/1"}],"replies":[{"embeddable":true,"href":"https:\/\/kicinlen.pl\/index.php?rest_route=%2Fwp%2Fv2%2Fcomments&post=180"}],"version-history":[{"count":2,"href":"https:\/\/kicinlen.pl\/index.php?rest_route=\/wp\/v2\/posts\/180\/revisions"}],"predecessor-version":[{"id":204,"href":"https:\/\/kicinlen.pl\/index.php?rest_route=\/wp\/v2\/posts\/180\/revisions\/204"}],"wp:attachment":[{"href":"https:\/\/kicinlen.pl\/index.php?rest_route=%2Fwp%2Fv2%2Fmedia&parent=180"}],"wp:term":[{"taxonomy":"category","embeddable":true,"href":"https:\/\/kicinlen.pl\/index.php?rest_route=%2Fwp%2Fv2%2Fcategories&post=180"},{"taxonomy":"post_tag","embeddable":true,"href":"https:\/\/kicinlen.pl\/index.php?rest_route=%2Fwp%2Fv2%2Ftags&post=180"}],"curies":[{"name":"wp","href":"https:\/\/api.w.org\/{rel}","templated":true}]}}