{"id":184,"date":"2011-02-21T11:44:51","date_gmt":"2011-02-21T10:44:51","guid":{"rendered":"http:\/\/kicinlen.pl\/?p=184"},"modified":"2014-09-03T12:27:30","modified_gmt":"2014-09-03T10:27:30","slug":"wiesci-kicinskie","status":"publish","type":"post","link":"https:\/\/kicinlen.pl\/?p=184","title":{"rendered":"Wie\u015bci kici\u0144skie"},"content":{"rendered":"<p>Odda\u00adje\u00admy do r\u0105k Czy\u00adtel\u00adni\u00adk\u00f3w \u201eWie\u00ad\u015bci Kici\u0144\u00adskie\u201d. Uka\u00adzu\u00adje\u00admy w&nbsp;nich zwy\u00adk\u0142ych ludzi, ich histo\u00adrie, teren, na kt\u00f3\u00adrym pra\u00adcu\u00adje\u00admy; pr\u00f3\u00adbu\u00adje\u00admy docie\u00adka\u0107 intry\u00adgu\u00adj\u0105\u00adcych zda\u00adrze\u0144, odtwa\u00adrza\u0107 zapo\u00admnia\u00adne by\u0107 mo\u017ce fak\u00adty i&nbsp;w ten spo\u00ads\u00f3b przed\u00adsta\u00adwi\u0107 obraz \u017cycia naszych miesz\u00adka\u0144\u00adc\u00f3w wraz z&nbsp;pale\u00adt\u0105 barw \u015bro\u00addo\u00adwi\u00adska naturalnego.<\/p>\n<p><!--more-->Publi\u00adcy\u00adsta Ste\u00adfan Kisie\u00adlew\u00adski \u2014 \u201eKisiel\u201d napi\u00adsa\u0142: \u201edzia\u00ad\u0142a\u0107 mo\u017c\u00adna dop\u00f3\u00adty, dop\u00f3\u00adki ma si\u0119 marze\u00adnia\u201d. Na pew\u00adno \u017caden miesz\u00adka\u00adniec Kici\u00adna i&nbsp;oko\u00adlic nie jest ich pozba\u00adwio\u00adny. Zapra\u00adsza\u00admy, wi\u0119c P.T. Czy\u00adtel\u00adni\u00adk\u00f3w do wsp\u00f3\u0142\u00adpra\u00adcy, pozo\u00adsta\u00adj\u0105c z&nbsp;sza\u00adcun\u00adkiem dla miesz\u00adka\u0144\u00adc\u00f3w nasze\u00adgo regio\u00adnu i&nbsp;naszej wsi.<\/p>\n<p>Redak\u00adtor Naczelny<br>\nLeszek Lesiczka<\/p>\n<p><strong>Zesp\u00f3\u0142 redak\u00adcyj\u00adny: <\/strong>Zbi\u00adgniew Cel\u00adka, Leszek Lesicz\u00adka (redak\u00adtor naczel\u00adny), Micha\u0142 Rataj\u00adczak, Gra\u00ad\u017cy\u00adna Soba\u0144\u00adska, Witold Tyborowski<br>\n<strong>Sk\u0142ad i&nbsp;pro\u00adjekt gra\u00adficz\u00adny: <\/strong>Domi\u00adnik Grygiel<br>\n<strong>Autor logo gaze\u00adty:<\/strong> Jacek Napiontek<br>\n<strong>Druk:<\/strong> <span class=\"caps\">PAW-DRUK<\/span>, ul. Lutyc\u00adka 105, 60\u2013478 Pozna\u0144, tel. &nbsp;61 8433810<\/p>\n<p><strong>Kon\u00adtakt z&nbsp;redak\u00adcj\u0105: <\/strong>tel. 606 653 358; &nbsp;e\u2011mail: len.kicin@poczta.fm<\/p>\n","protected":false},"excerpt":{"rendered":"<p>Odda\u00adje\u00admy do r\u0105k Czy\u00adtel\u00adni\u00adk\u00f3w \u201eWie\u00ad\u015bci Kici\u0144\u00adskie\u201d. Uka\u00adzu\u00adje\u00admy w&nbsp;nich zwy\u00adk\u0142ych ludzi, ich histo\u00adrie, teren, na kt\u00f3\u00adrym pra\u00adcu\u00adje\u00admy; pr\u00f3\u00adbu\u00adje\u00admy docie\u00adka\u0107 intry\u00adgu\u00adj\u0105\u00adcych zda\u00adrze\u0144, odtwa\u00adrza\u0107 zapo\u00admnia\u00adne by\u0107 mo\u017ce fak\u00adty i&nbsp;w&nbsp;ten spo\u00ads\u00f3b przed\u00adsta\u00adwi\u0107 obraz \u017cycia naszych miesz\u00adka\u0144\u00adc\u00f3w wraz z&nbsp;pale\u00adt\u0105 barw \u015bro\u00addo\u00adwi\u00adska naturalnego.<\/p>\n","protected":false},"author":1,"featured_media":0,"comment_status":"closed","ping_status":"closed","sticky":false,"template":"","format":"standard","meta":{"wp_typography_post_enhancements_disabled":false},"categories":[22],"tags":[],"_links":{"self":[{"href":"https:\/\/kicinlen.pl\/index.php?rest_route=\/wp\/v2\/posts\/184"}],"collection":[{"href":"https:\/\/kicinlen.pl\/index.php?rest_route=\/wp\/v2\/posts"}],"about":[{"href":"https:\/\/kicinlen.pl\/index.php?rest_route=\/wp\/v2\/types\/post"}],"author":[{"embeddable":true,"href":"https:\/\/kicinlen.pl\/index.php?rest_route=\/wp\/v2\/users\/1"}],"replies":[{"embeddable":true,"href":"https:\/\/kicinlen.pl\/index.php?rest_route=%2Fwp%2Fv2%2Fcomments&post=184"}],"version-history":[{"count":2,"href":"https:\/\/kicinlen.pl\/index.php?rest_route=\/wp\/v2\/posts\/184\/revisions"}],"predecessor-version":[{"id":205,"href":"https:\/\/kicinlen.pl\/index.php?rest_route=\/wp\/v2\/posts\/184\/revisions\/205"}],"wp:attachment":[{"href":"https:\/\/kicinlen.pl\/index.php?rest_route=%2Fwp%2Fv2%2Fmedia&parent=184"}],"wp:term":[{"taxonomy":"category","embeddable":true,"href":"https:\/\/kicinlen.pl\/index.php?rest_route=%2Fwp%2Fv2%2Fcategories&post=184"},{"taxonomy":"post_tag","embeddable":true,"href":"https:\/\/kicinlen.pl\/index.php?rest_route=%2Fwp%2Fv2%2Ftags&post=184"}],"curies":[{"name":"wp","href":"https:\/\/api.w.org\/{rel}","templated":true}]}}