{"id":190,"date":"2011-02-21T11:53:54","date_gmt":"2011-02-21T10:53:54","guid":{"rendered":"http:\/\/kicinlen.pl\/?p=190"},"modified":"2019-03-18T10:49:38","modified_gmt":"2019-03-18T09:49:38","slug":"statut","status":"publish","type":"post","link":"https:\/\/kicinlen.pl\/?p=190","title":{"rendered":"Statut"},"content":{"rendered":"<p style=\"text-align: left;\">Poni\u017c\u00adszy arty\u00adku\u0142 zwie\u00adra pe\u0142\u00adn\u0105 tre\u015b\u0107 obo\u00adwi\u0105\u00adzu\u00adj\u0105\u00adce\u00adgo sta\u00adtu\u00adtu nasze\u00adgo sto\u00adwa\u00adrzy\u00adsze\u00adnia. Ser\u00addecz\u00adnie zapra\u00adsza\u00admy do zapo\u00adzna\u00adnia si\u0119 z&nbsp;nim.<\/p>\n<p style=\"text-align: left;\"><!--more--><\/p>\n<p style=\"text-align: center;\"><strong>Sta\u00adtut<\/strong><\/p>\n<p style=\"text-align: center;\"><strong>Sto\u00adwa\u00adrzy\u00adsze\u00adnia Na Rzecz Zr\u00f3w\u00adno\u00adwa\u00ad\u017co\u00adne\u00adgo Roz\u00adwo\u00adju Kici\u00adna i&nbsp;oko\u00adlic \u2013\u201eLen\u201d<\/strong><\/p>\n<p style=\"text-align: center;\"><strong>ROZDZIA\u0141 I<\/strong><\/p>\n<p style=\"text-align: center;\"><strong><span class=\"caps\">POSTANOWIENIA<\/span> <span class=\"caps\">OG\u00d3LNE<\/span><\/strong><\/p>\n<p style=\"text-align: center;\"><strong>\u00a71<\/strong><\/p>\n<p style=\"text-align: center;\">1. Sto\u00adwa\u00adrzy\u00adsze\u00adnie nosi nazw\u0119: Sto\u00adwa\u00adrzy\u00adsze\u00adnie Na Rzecz&nbsp; Zr\u00f3w\u00adno\u00adwa\u00ad\u017co\u00adne\u00adgo Roz\u00adwo\u00adju Kici\u00adna i&nbsp;oko\u00adlic \u2013 \u201eLen\u201d w&nbsp;dal\u00adszych posta\u00adno\u00adwie\u00adniach sta\u00adtu\u00adtu zwa\u00adne Stowarzyszeniem.<br>\n2. Nazwa, sym\u00adbol i&nbsp;skr\u00f3t nazwy Sto\u00adwa\u00adrzy\u00adsze\u00adnia korzy\u00adsta\u00adj\u0105 z&nbsp; ochro\u00adny prawnej.<br>\n3. Sto\u00adwa\u00adrzy\u00adsze\u00adnie ma pra\u00adwo u\u017cy\u00adwa\u00adnia w\u0142a\u00adsnej pie\u00adcz\u0119\u00adci, logo, odznak orga\u00adni\u00adza\u00adcyj\u00adnych&nbsp; i&nbsp;honorowych.<\/p>\n<p style=\"text-align: center;\"><strong>\u00a72<\/strong><\/p>\n<p style=\"text-align: center;\">Sto\u00adwa\u00adrzy\u00adsze\u00adnie jest zawi\u0105\u00adza\u00adne na czas nie\u00adogra\u00adni\u00adczo\u00adny. Posia\u00adda oso\u00adbo\u00adwo\u015b\u0107 praw\u00adn\u0105. Dzia\u00ad\u0142a na pod\u00adsta\u00adwie prze\u00adpi\u00ads\u00f3w usta\u00adwy z&nbsp;dnia 7&nbsp;kwiet\u00adnia 1989 r. Pra\u00adwo o&nbsp;Sto\u00adwa\u00adrzy\u00adsze\u00adniach ( Dz.U.&nbsp; z&nbsp;2001, Nr 79, poz. 855 z&nbsp;p\u00f3\u017an. zm.) oraz niniej\u00adsze\u00adgo statutu.<\/p>\n<p style=\"text-align: center;\"><strong>\u00a73<\/strong><\/p>\n<p style=\"text-align: center;\">Sto\u00adwa\u00adrzy\u00adsze\u00adnie jest zrze\u00adsze\u00adniem os\u00f3b fizycz\u00adnych, zawi\u0105\u00adza\u00adnym dla pro\u00adpa\u00adgo\u00adwa\u00adnia lub wpro\u00adwa\u00addza\u00adnia w&nbsp;\u017cycie idei trwa\u00ad\u0142e\u00adgo i&nbsp;zr\u00f3w\u00adno\u00adwa\u00ad\u017co\u00adne\u00adgo roz\u00adwo\u00adju Kici\u00adna i&nbsp;okolic.<\/p>\n<p style=\"text-align: center;\"><strong>\u00a74<\/strong><\/p>\n<p style=\"text-align: center;\">1. Sie\u00addzi\u00adb\u0105 sto\u00adwa\u00adrzy\u00adsze\u00adnia jest wie\u015b Kicin w&nbsp;Gmi\u00adnie Czerwonak.<br>\n2. Tere\u00adnem dzia\u00ad\u0142a\u00adnia jest Rzecz\u00adpo\u00adspo\u00adli\u00adta Polska.<br>\n3. Dla reali\u00adza\u00adcji cel\u00f3w sta\u00adtu\u00adto\u00adwych sto\u00adwa\u00adrzy\u00adsze\u00adnie mo\u017ce dzia\u00ad\u0142a\u0107 na tere\u00adnie innych pa\u0144stw z&nbsp;posza\u00adno\u00adwa\u00adniem tam\u00adtej\u00adsze\u00adgo&nbsp;prawa.<br>\n4. Sto\u00adwa\u00adrzy\u00adsze\u00adnie mo\u017ce nale\u00ad\u017ce\u0107 do innych kra\u00adjo\u00adwych i&nbsp;mi\u0119\u00addzy\u00adna\u00adro\u00addo\u00adwych orga\u00adni\u00adza\u00adcji o&nbsp;podob\u00adnych celach.<\/p>\n<p style=\"text-align: center;\"><strong>\u00a75<\/strong><\/p>\n<p style=\"text-align: center;\">Dzia\u00ad\u0142al\u00adno\u015b\u0107 Sto\u00adwa\u00adrzy\u00adsze\u00adnia opar\u00adta jest przede wszyst\u00adkim na pra\u00adcy spo\u00ad\u0142ecz\u00adnej cz\u0142on\u00adk\u00f3w. Do pro\u00adwa\u00addze\u00adnia swych spraw sto\u00adwa\u00adrzy\u00adsze\u00adnie mo\u017ce zatrud\u00adnia\u0107 pracownik\u00f3w.<\/p>\n<p style=\"text-align: center;\"><strong>ROZDZIA\u0141 <span class=\"caps\">II<\/span><\/strong><\/p>\n<p style=\"text-align: center;\"><strong><span class=\"caps\">CELE<\/span> I&nbsp;\u015aRODKI DZIA\u0141ANIA<\/strong><\/p>\n<p style=\"text-align: center;\"><strong>\u00a76<\/strong><\/p>\n<p style=\"text-align: center;\">Celem Sto\u00adwa\u00adrzy\u00adsze\u00adnia jest dzia\u00ad\u0142al\u00adno\u015b\u0107 publicz\u00adna na rzecz zr\u00f3w\u00adno\u00adwa\u00ad\u017co\u00adne\u00adgo roz\u00adwo\u00adju Kici\u00adna i&nbsp;oko\u00adlic, w&nbsp;szcze\u00adg\u00f3l\u00adno\u00ad\u015bci poprzez wyko\u00adny\u00adwa\u00adnie zada\u0144 w&nbsp;zakresie:<\/p>\n<p>1. ochro\u00adny \u015bro\u00addo\u00adwi\u00adska oraz czyn\u00adnej ochro\u00adny przyrody,<br>\n2. upo\u00adwszech\u00adnia\u00adnia idei zr\u00f3w\u00adno\u00adwa\u00ad\u017co\u00adne\u00adgo roz\u00adwo\u00adju w&nbsp;zakre\u00adsie gospo\u00addar\u00adczym, eko\u00adlo\u00adgicz\u00adnym i&nbsp;kulturowym,<br>\n3. kul\u00adtu\u00adry, sztu\u00adki, ochro\u00adny d\u00f3br kul\u00adtu\u00adry i&nbsp;tradycji,<br>\n4. upo\u00adwszech\u00adnia\u00adnia kul\u00adtu\u00adry fizycz\u00adnej, spor\u00adtu i&nbsp;tury\u00adsty\u00adki w&nbsp;tym agroturystyki,<br>\n5. dzia\u00ad\u0142al\u00adno\u00ad\u015bci wspo\u00adma\u00adga\u00adj\u0105\u00adcej roz\u00adw\u00f3j wsp\u00f3l\u00adnot i&nbsp;spo\u00ad\u0142ecz\u00adno\u00ad\u015bci lokalnych,<br>\n6. dzia\u00ad\u0142a\u0144 na rzecz inte\u00adgra\u00adcji euro\u00adpej\u00adskiej oraz roz\u00adwi\u00adja\u00adnia kon\u00adtak\u00adt\u00f3w i&nbsp;wsp\u00f3\u0142\u00adpra\u00adcy mi\u0119\u00addzy spo\u0142ecze\u0144stwami,<br>\n7. upo\u00adwszech\u00adnia\u00adnie i&nbsp;pro\u00admo\u00adwa\u00adnie walo\u00adr\u00f3w tury\u00adstycz\u00adnych, miejsc o&nbsp;zna\u00adcze\u00adniu histo\u00adrycz\u00adnym i&nbsp;przyrodniczym.<\/p>\n<p style=\"text-align: center;\"><strong>\u00a77<\/strong><\/p>\n<p style=\"text-align: center;\">Sto\u00adwa\u00adrzy\u00adsze\u00adnie swe cele reali\u00adzu\u00adje poprzez:<\/p>\n<p>1. zabie\u00adra\u00adnie g\u0142o\u00adsu i&nbsp;wyra\u00ad\u017ca\u00adnie swe\u00adgo sta\u00adno\u00adwi\u00adska na forum publicznym,<br>\n2. dzia\u00ad\u0142al\u00adno\u015b\u0107 wydaw\u00adni\u00adcz\u0105, wysta\u00adwien\u00adni\u00adcz\u0105 i&nbsp;prasow\u0105,<br>\n3. orga\u00adni\u00adzo\u00adwa\u00adnie imprez inte\u00adgra\u00adcyj\u00adnych, pro\u00admo\u00adcyj\u00adnych i&nbsp;kulturalnych,<br>\n4. podej\u00admo\u00adwa\u00adnie wsp\u00f3\u0142\u00adpra\u00adcy z&nbsp;jed\u00adnost\u00adka\u00admi admi\u00adni\u00adstra\u00adcji samo\u00adrz\u0105\u00addo\u00adwej i&nbsp;wspo\u00adma\u00adga\u00adnie dzia\u00ad\u0142a\u0144 tych jednostek,<br>\n5. pozy\u00adski\u00adwa\u00adnie sponsor\u00f3w,<br>\n6. orga\u00adni\u00adzo\u00adwa\u00adnie \u015bwiad\u00adcze\u0144 na rzecz spo\u00ad\u0142ecz\u00adno\u00ad\u015bci lub os\u00f3b indywidualnych,<br>\n7. pro\u00adwa\u00addze\u00adnie innych dzia\u00ad\u0142a\u0144 sprzy\u00adja\u00adj\u0105\u00adcych reali\u00adza\u00adcji sta\u00adtu\u00adto\u00adwych cel\u00f3w Stowarzyszenia.<\/p>\n<p style=\"text-align: center;\"><strong>ROZDZIA\u0141 <span class=\"caps\">III<\/span><\/strong><\/p>\n<p style=\"text-align: center;\"><strong>CZ\u0141ONKOWIE \u2013 <span class=\"caps\">PRAWA<\/span> I&nbsp;OBOWI\u0104ZKI<\/strong><\/p>\n<p style=\"text-align: center;\"><strong>\u00a78<\/strong><\/p>\n<p style=\"text-align: center;\">Cz\u0142on\u00adka\u00admi Sto\u00adwa\u00adrzy\u00adsze\u00adnia mog\u0105 by\u0107 oso\u00adby fizycz\u00adne i&nbsp;praw\u00adne. Oso\u00adba praw\u00adna mo\u017ce by\u0107 jedy\u00adnie cz\u0142on\u00adkiem wspie\u00adra\u00adj\u0105\u00adcym Stowarzyszenia.<\/p>\n<p style=\"text-align: center;\"><strong>\u00a79<\/strong><\/p>\n<p style=\"text-align: center;\">Sto\u00adwa\u00adrzy\u00adsze\u00adnie posia\u00adda cz\u0142onk\u00f3w:<br>\na) zwyczajnych,<br>\nb) wspieraj\u0105cych,<br>\nc) honorowych.<\/p>\n<p style=\"text-align: center;\"><strong>\u00a710<\/strong><\/p>\n<p style=\"text-align: center;\">1. Cz\u0142on\u00adkiem Zwy\u00adczaj\u00adnym Sto\u00adwa\u00adrzy\u00adsze\u00adnia mo\u017ce by\u0107 ka\u017c\u00adda oso\u00adba fizycz\u00adna,&nbsp;kt\u00f3ra:<br>\na) z\u0142o\u00ad\u017cy dekla\u00adra\u00adcj\u0119 cz\u0142on\u00adkow\u00adsk\u0105 na pi\u015bmie,<br>\nb) ma pe\u0142\u00adn\u0105 zdol\u00adno\u015b\u0107 do czyn\u00adno\u00ad\u015bci praw\u00adnych, nie jest pozba\u00adwio\u00adna praw publicz\u00adnych, daje gwa\u00adran\u00adcj\u0119 reali\u00adza\u00adcji cel\u00f3w Sto\u00adwa\u00adrzy\u00adsze\u00adnia przez w\u0142a\u00ad\u015bci\u00adw\u0105 posta\u00adw\u0119 moral\u00adn\u0105 i&nbsp;aktyw\u00adno\u015b\u0107 pro\u00adwa\u00addzo\u00adn\u0105 zgod\u00adnie ze Sta\u00adtu\u00adtem i&nbsp;uchwa\u00ad\u0142a\u00admi w\u0142adz Stowarzyszenia,<br>\nc) przed\u00adsta\u00adwi pozy\u00adtyw\u00adn\u0105 opi\u00adni\u0119 dw\u00f3ch cz\u0142on\u00adk\u00f3w Stowarzyszenia.<\/p>\n<p>2. Oso\u00adba nie\u00adpe\u0142\u00adno\u00adlet\u00adnia w&nbsp;wie\u00adku 16 \u2013 18 lat, maj\u0105\u00adca ogra\u00adni\u00adczo\u00adn\u0105 zdol\u00adno\u015b\u0107 do czyn\u00adno\u00ad\u015bci praw\u00adnych, mo\u017ce by\u0107 r\u00f3w\u00adnie\u017c Cz\u0142on\u00adkiem Zwy\u00adczaj\u00adnym Sto\u00adwa\u00adrzy\u00adsze\u00adnia i&nbsp;korzy\u00adsta\u0107&nbsp;&nbsp;&nbsp;&nbsp;&nbsp;&nbsp;&nbsp;&nbsp;&nbsp;&nbsp;&nbsp;&nbsp;&nbsp;&nbsp;&nbsp;&nbsp;&nbsp;&nbsp;&nbsp; z&nbsp;bier\u00adne\u00adgo i&nbsp;czyn\u00adne\u00adgo pra\u00adwa wybor\u00adcze\u00adgo, z&nbsp;zastrze\u00ad\u017ce\u00adniem posta\u00adno\u00adwie\u0144 ust\u0119\u00adpu 1a oraz&nbsp;1c.<\/p>\n<p style=\"text-align: center;\"><strong>\u00a711<\/strong><\/p>\n<p style=\"text-align: center;\">1. Cz\u0142on\u00adkiem zwy\u00adczaj\u00adnym sta\u00adje si\u0119 po z\u0142o\u00ad\u017ce\u00adniu pisem\u00adnej dekla\u00adra\u00adcji na pod\u00adsta\u00adwie uchwa\u00ad\u0142y Zarz\u0105\u00addu Stowarzyszenia.<br>\n2. Cz\u0142on\u00adkiem wspie\u00adra\u00adj\u0105\u00adcym Sto\u00adwa\u00adrzy\u00adsze\u00adnie mo\u017ce zosta\u0107 oso\u00adba fizycz\u00adna i&nbsp;praw\u00adna dekla\u00adru\u00adj\u0105\u00adca pomoc finan\u00adso\u00adw\u0105, rze\u00adczo\u00adw\u0105 lub mery\u00adto\u00adrycz\u00adn\u0105 w&nbsp;reali\u00adza\u00adcji cel\u00f3w Stowarzyszenia.<br>\n3. Cz\u0142on\u00adkiem wspie\u00adra\u00adj\u0105\u00adcym sta\u00adje si\u0119 po z\u0142o\u00ad\u017ce\u00adniu pisem\u00adnej dekla\u00adra\u00adcji na pod\u00adsta\u00adwie uchwa\u00ad\u0142y Zarz\u0105du.<br>\n4. Cz\u0142on\u00adkiem hono\u00adro\u00adwym Sto\u00adwa\u00adrzy\u00adsze\u00adnia mo\u017ce by\u0107 oso\u00adba fizycz\u00adna, kt\u00f3\u00adra wnio\u00ads\u0142a wybit\u00adny wk\u0142ad w&nbsp;dzia\u00ad\u0142al\u00adno\u015b\u0107 i&nbsp;roz\u00adw\u00f3j Sto\u00adwa\u00adrzy\u00adsze\u00adnia lub Kici\u00adna i&nbsp;jego oko\u00adlic. Cz\u0142on\u00adko\u00adwie hono\u00adro\u00adwi s\u0105 przyj\u00admo\u00adwa\u00adni przez Wal\u00adne Zgro\u00adma\u00addze\u00adnie na wnio\u00adsek 10 cz\u0142on\u00adk\u00f3w Stowarzyszenia.<\/p>\n<p style=\"text-align: center;\"><strong>\u00a712<\/strong><\/p>\n<p style=\"text-align: center;\">1. Cz\u0142on\u00adko\u00adwie zwy\u00adczaj\u00adni maj\u0105&nbsp;prawo:<br>\na) bier\u00adne\u00adgo i&nbsp;czyn\u00adne\u00adgo uczest\u00adni\u00adcze\u00adnia w&nbsp;wybo\u00adrach do w\u0142adz Stowarzyszenia,<br>\nb) korzy\u00adsta\u00adnia z&nbsp;dorob\u00adku, maj\u0105t\u00adku i&nbsp;wszel\u00adkich form dzia\u00ad\u0142al\u00adno\u00ad\u015bci Stowarzyszenia,<br>\nc) udzia\u00ad\u0142u w&nbsp;zebra\u00adniach, wyk\u0142a\u00addach oraz impre\u00adzach orga\u00adni\u00adzo\u00adwa\u00adnych przez Stowarzyszenie,<br>\nd) zg\u0142a\u00adsza\u00adnia wnio\u00adsk\u00f3w co do dzia\u00ad\u0142al\u00adno\u00ad\u015bci Stowarzyszenia.<br>\n2. Cz\u0142on\u00adko\u00adwie zwy\u00adczaj\u00adni maj\u0105 obowi\u0105zek:<br>\na) bra\u00adnia udzia\u00ad\u0142u w&nbsp;dzia\u00ad\u0142al\u00adno\u00ad\u015bci Sto\u00adwa\u00adrzy\u00adsze\u00adnia i&nbsp;reali\u00adza\u00adcji jego&nbsp;cel\u00f3w,<br>\nb) prze\u00adstrze\u00adga\u00adnia sta\u00adtu\u00adtu i&nbsp;uchwa\u0142 w\u0142adz Stowarzyszenia,<br>\nc) regu\u00adlar\u00adne\u00adgo op\u0142a\u00adca\u00adnia sk\u0142adek.<\/p>\n<p style=\"text-align: center;\"><strong>\u00a713<\/strong><\/p>\n<p style=\"text-align: center;\">1. Cz\u0142on\u00adko\u00adwie wspie\u00adra\u00adj\u0105\u00adcy i&nbsp;hono\u00adro\u00adwi nie posia\u00adda\u00adj\u0105 bier\u00adne\u00adgo oraz czyn\u00adne\u00adgo pra\u00adwa wybor\u00adcze\u00adgo, mog\u0105 jed\u00adnak bra\u0107 udzia\u0142 z&nbsp;g\u0142o\u00adsem dorad\u00adczym w&nbsp;sta\u00adtu\u00adto\u00adwych w\u0142a\u00addzach Sto\u00adwa\u00adrzy\u00adsze\u00adnia, poza tym posia\u00adda\u00adj\u0105 takie pra\u00adwa jak cz\u0142on\u00adko\u00adwie zwyczajni.<br>\n2. Cz\u0142o\u00adnek wspie\u00adra\u00adj\u0105\u00adcy ma obo\u00adwi\u0105\u00adzek wywi\u0105\u00adzy\u00adwa\u00adnia si\u0119 z&nbsp;zade\u00adkla\u00adro\u00adwa\u00adnych \u015bwiad\u00adcze\u0144, prze\u00adstrze\u00adga\u00adnia sta\u00adtu\u00adtu oraz uchwa\u0142 w\u0142adz Stowarzyszenia.<br>\n3. Cz\u0142on\u00adko\u00adwie hono\u00adro\u00adwi s\u0105 zwol\u00adnie\u00adni ze sk\u0142a\u00addek cz\u0142onkowskich.<\/p>\n<p style=\"text-align: center;\"><strong>\u00a714<\/strong><\/p>\n<p style=\"text-align: center;\">Utra\u00adta cz\u0142on\u00adko\u00adstwa nast\u0119\u00adpu\u00adje na skutek:<br>\na. pisem\u00adnej rezy\u00adgna\u00adcji z\u0142o\u00ad\u017co\u00adnej na r\u0119ce Zarz\u0105du,<br>\nb. wyklu\u00adcze\u00adnia przez Zarz\u0105d:<\/p>\n<ol style=\"text-align: center;\">\n<li>z powo\u00addu \u0142ama\u00adnia sta\u00adtu\u00adtu i&nbsp;nie\u00adprze\u00adstrze\u00adga\u00adnia uchwa\u0142 w\u0142adz Stowarzyszenia,<\/li>\n<li>z powo\u00addu noto\u00adrycz\u00adne\u00adgo nie\u00adbra\u00adnia udzia\u00ad\u0142u w&nbsp;pra\u00adcach Stowarzyszenia,<\/li>\n<li>z powo\u00addu nie\u00adp\u0142a\u00adce\u00adnia sk\u0142a\u00addek za okres p\u00f3\u0142&nbsp;roku,<\/li>\n<li>na pisem\u00adny wnio\u00adsek trzech cz\u0142on\u00adk\u00f3w Stowarzyszenia<\/li>\n<\/ol>\n<p style=\"text-align: center;\">c. utra\u00adty praw oby\u00adwa\u00adtel\u00adskich na mocy pra\u00adwo\u00admoc\u00adne\u00adgo wyro\u00adku&nbsp;s\u0105du,<br>\nd. \u015bmier\u00adci cz\u0142on\u00adka oraz utra\u00adty oso\u00adbo\u00adwo\u00ad\u015bci praw\u00adnej przez oso\u00adby prawne.<\/p>\n<p style=\"text-align: center;\"><strong>\u00a715<\/strong><\/p>\n<p style=\"text-align: center;\">Od uchwa\u00ad\u0142y Zarz\u0105\u00addu w&nbsp;spra\u00adwie przy\u00adj\u0119\u00adcia w&nbsp;poczet cz\u0142on\u00adk\u00f3w sto\u00adwa\u00adrzy\u00adsze\u00adnia lub pozba\u00adwie\u00adnia cz\u0142on\u00adko\u00adstwa zain\u00adte\u00adre\u00adso\u00adwa\u00adne\u00admu przy\u00ads\u0142u\u00adgu\u00adje odwo\u00ad\u0142a\u00adnie do Wal\u00adne\u00adgo Zgro\u00adma\u00addze\u00adnia Cz\u0142on\u00adk\u00f3w. Uchwa\u00ad\u0142a wal\u00adne\u00adgo zgro\u00adma\u00addze\u00adnia cz\u0142on\u00adk\u00f3w jest ostateczna.<\/p>\n<p style=\"text-align: center;\"><strong>\u00a716<\/strong><\/p>\n<p style=\"text-align: center;\">1. Sto\u00adwa\u00adrzy\u00adsze\u00adnie pro\u00adwa\u00addzi rejestr cz\u0142onk\u00f3w.<br>\n2. Za w\u0142a\u00ad\u015bci\u00adwe pro\u00adwa\u00addze\u00adnie reje\u00adstru odpo\u00adwie\u00addzial\u00adny jest Zarz\u0105d Stowarzyszenia<\/p>\n<p style=\"text-align: center;\"><strong>ROZDZIA\u0141 <span class=\"caps\">IV<\/span><\/strong><\/p>\n<p style=\"text-align: center;\"><strong>W\u0141ADZE <span class=\"caps\">STOWARZYSZENIA<\/span><\/strong><\/p>\n<p>&nbsp;<\/p>\n<p style=\"text-align: center;\"><strong>\u00a717<\/strong><\/p>\n<p style=\"text-align: center;\">W\u0142a\u00addza\u00admi Sto\u00adwa\u00adrzy\u00adsze\u00adnia&nbsp;s\u0105:<br>\na) Wal\u00adne Zgro\u00adma\u00addze\u00adnie Cz\u0142onk\u00f3w,<br>\nb) Zarz\u0105d,<br>\nc) Komi\u00adsja Rewizyjna.<\/p>\n<p style=\"text-align: center;\"><strong>\u00a718<\/strong><\/p>\n<p style=\"text-align: center;\">1. Kaden\u00adcja wszyst\u00adkich w\u0142adz wybie\u00adral\u00adnych Sto\u00adwa\u00adrzy\u00adsze\u00adnia trwa trzy lata, a&nbsp;ich wyb\u00f3r odby\u00adwa si\u0119 w&nbsp;g\u0142o\u00adso\u00adwa\u00adniu taj\u00adnym, bez\u00adwzgl\u0119d\u00adn\u0105 wi\u0119k\u00adszo\u00ad\u015bci\u0105 g\u0142os\u00f3w.<br>\n2. Wal\u00adne Zgro\u00adma\u00addze\u00adnie Cz\u0142on\u00adk\u00f3w mo\u017ce zarz\u0105\u00addzi\u0107 g\u0142o\u00adso\u00adwa\u00adnie&nbsp;jawne.<\/p>\n<p style=\"text-align: center;\"><strong>\u00a719<\/strong><\/p>\n<p style=\"text-align: center;\">Uchwa\u00ad\u0142y wszyst\u00adkich w\u0142adz Sto\u00adwa\u00adrzy\u00adsze\u00adnia zapa\u00adda\u00adj\u0105 zwy\u00adk\u0142\u0105 wi\u0119k\u00adszo\u00ad\u015bci\u0105 g\u0142o\u00ads\u00f3w przy obec\u00adno\u00ad\u015bci co naj\u00admniej po\u0142o\u00adwy cz\u0142on\u00adk\u00f3w upraw\u00adnio\u00adnych do g\u0142o\u00adso\u00adwa\u00adni, chy\u00adba \u017ce dal\u00adsze posta\u00adno\u00adwie\u00adnia sta\u00adtu\u00adtu sta\u00adno\u00adwi\u0105 inaczej.<\/p>\n<p style=\"text-align: center;\"><strong>\u00a720<\/strong><\/p>\n<p style=\"text-align: center;\">Wal\u00adne Zgro\u00adma\u00addze\u00adnie Cz\u0142on\u00adk\u00f3w jest naj\u00adwy\u017c\u00adsz\u0105 w\u0142a\u00addz\u0105 Sto\u00adwa\u00adrzy\u00adsze\u00adnia. W&nbsp;Wal\u00adnym Zgro\u00adma\u00addze\u00adniu Cz\u0142on\u00adk\u00f3w bio\u00adr\u0105 udzia\u0142:<br>\na) z&nbsp;g\u0142o\u00adsem sta\u00adno\u00adwi\u0105\u00adcym \u2013 cz\u0142on\u00adko\u00adwie zwyczajni,<br>\nb) z&nbsp;g\u0142o\u00adsem dorad\u00adczym \u2013 cz\u0142on\u00adko\u00adwie wspie\u00adra\u00adj\u0105\u00adcy, hono\u00adro\u00adwi oraz zapro\u00adsze\u00adni go\u015bcie.<\/p>\n<p style=\"text-align: center;\"><strong>\u00a721<\/strong><\/p>\n<p style=\"text-align: center;\">1. Wal\u00adne Zgro\u00adma\u00addze\u00adnie Cz\u0142on\u00adk\u00f3w mo\u017ce by\u0107 zwy\u00adczaj\u00adne i&nbsp;nadzwyczajne.<br>\n2. Wal\u00adne Zgro\u00adma\u00addze\u00adnie Cz\u0142on\u00adk\u00f3w zwy\u00adczaj\u00adne jest zwo\u00ad\u0142y\u00adwa\u00adne raz na rok przez Zarz\u0105d Sto\u00adwa\u00adrzy\u00adsze\u00adnia. Ter\u00admin i&nbsp;miej\u00adsce obrad Zarz\u0105d poda\u00adje do wia\u00addo\u00admo\u00ad\u015bci wszyst\u00adkich cz\u0142on\u00adk\u00f3w co naj\u00admniej na 7&nbsp;dni przed ter\u00admi\u00adnem zebrania.<br>\n3. Wal\u00adne Zgro\u00adma\u00addze\u00adnie Cz\u0142on\u00adk\u00f3w nad\u00adzwy\u00adczaj\u00adne mo\u017ce si\u0119 odby\u0107 w&nbsp;ka\u017c\u00addym cza\u00adsie. Jest zwo\u00ad\u0142y\u00adwa\u00adne przez Zarz\u0105d z&nbsp;jego ini\u00adcja\u00adty\u00adwy, na wnio\u00adsek Komi\u00adsji Rewi\u00adzyj\u00adnej lub pisem\u00adny wnio\u00adsek co naj\u00admniej 1\/3 og\u00f3l\u00adnej licz\u00adby cz\u0142on\u00adk\u00f3w zwy\u00adczaj\u00adnych Stowarzyszenia.<\/p>\n<p style=\"text-align: center;\"><strong>\u00a722<\/strong><\/p>\n<p style=\"text-align: center;\">Uchwa\u00ad\u0142y Wal\u00adne\u00adgo Zgro\u00adma\u00addze\u00adnia Sto\u00adwa\u00adrzy\u00adsze\u00adnia zapa\u00adda\u00adj\u0105 bez\u00adwzgl\u0119d\u00adn\u0105 wi\u0119k\u00adszo\u00ad\u015bci\u0105 g\u0142o\u00ads\u00f3w w&nbsp;obec\u00adno\u00ad\u015bci przy\u00adnaj\u00admniej po\u0142o\u00adwy og\u00f3l\u00adnej licz\u00adby cz\u0142on\u00adk\u00f3w. G\u0142o\u00adso\u00adwa\u00adnie jest&nbsp;jawne.<\/p>\n<p style=\"text-align: center;\"><strong>\u00a723<\/strong><\/p>\n<p style=\"text-align: center;\">Do kom\u00adpe\u00adten\u00adcji Wal\u00adne\u00adgo Zgro\u00adma\u00addze\u00adnia nale\u017c\u0105:<br>\na) okre\u00ad\u015ble\u00adnie g\u0142\u00f3w\u00adnych kie\u00adrun\u00adk\u00f3w dzia\u00ad\u0142a\u00adnia i&nbsp;roz\u00adwo\u00adju Stowarzyszenia,<br>\nb) uchwa\u00adla\u00adnia zmian statutu,<br>\nc) wyb\u00f3r i&nbsp;odwo\u00ad\u0142y\u00adwa\u00adnie wszyst\u00adkich w\u0142adz Stowarzyszenia,<br>\nd) udzie\u00adla\u00adnie Zarz\u0105\u00addo\u00adwi abso\u00adlu\u00adto\u00adrium na wnio\u00adsek Komi\u00adsji Rewizyjnej,<br>\ne) roz\u00adpa\u00adtry\u00adwa\u00adnie spra\u00adwoz\u00adda\u0144 z&nbsp;dzia\u00ad\u0142al\u00adno\u00ad\u015bci Zarz\u0105\u00addu i&nbsp;Komi\u00adsji Rewizyjnej,<br>\nf) uchwa\u00adla\u00adnie bud\u017cetu,<br>\ng) uchwa\u00adla\u00adnie wyso\u00adko\u00ad\u015bci sk\u0142a\u00addek cz\u0142on\u00adkow\u00adskich oraz wszyst\u00adkich innych \u015bwiad\u00adcze\u0144 na rzecz Stowarzyszenia,<br>\nh) podej\u00admo\u00adwa\u00adnie uchwa\u0142 w&nbsp;spra\u00adwie przy\u00adj\u0119\u00adcia cz\u0142on\u00adka honorowego,<br>\ni) roz\u00adpa\u00adtry\u00adwa\u00adnie i&nbsp;zatwier\u00addza\u00adnie spra\u00adwoz\u00adda\u0144 w\u0142adz Stowarzyszenia,<br>\nj) roz\u00adpa\u00adtry\u00adwa\u00adnie wnio\u00adsk\u00f3w i&nbsp;postu\u00adla\u00adt\u00f3w zg\u0142o\u00adszo\u00adnych przez cz\u0142on\u00adk\u00f3w Sto\u00adwa\u00adrzy\u00adsze\u00adnia lub jego w\u0142adze,<br>\nk) roz\u00adpa\u00adtry\u00adwa\u00adnie odwo\u00ad\u0142a\u0144 od uchwa\u0142 Zarz\u0105du,<br>\nl) podej\u00admo\u00adwa\u00adnie uchwa\u00ad\u0142y o&nbsp;roz\u00adwi\u0105\u00adza\u00adniu Sto\u00adwa\u00adrzy\u00adsze\u00adnia i&nbsp;prze\u00adzna\u00adcze\u00adniu jego maj\u0105tku,<br>\nm) podej\u00admo\u00adwa\u00adnie uchwa\u0142 w&nbsp;ka\u017c\u00addej spra\u00adwie wnie\u00adsio\u00adnej pod obra\u00addy, we wszyst\u00adkich spra\u00adwach nie zastrze\u00ad\u017co\u00adnych do kom\u00adpe\u00adten\u00adcji innych w\u0142adz stowarzyszenia.<\/p>\n<p style=\"text-align: center;\"><strong>\u00a724<\/strong><\/p>\n<p style=\"text-align: center;\">1. Zarz\u0105d jest powo\u00ad\u0142a\u00adny do kie\u00adro\u00adwa\u00adnia ca\u0142\u0105 dzia\u00ad\u0142al\u00adno\u00ad\u015bci\u0105 Sto\u00adwa\u00adrzy\u00adsze\u00adnia zgod\u00adnie z&nbsp;uchwa\u00ad\u0142a\u00admi Wal\u00adne\u00adgo Zgro\u00adma\u00addze\u00adnia Cz\u0142on\u00adk\u00f3w, repre\u00adzen\u00adtu\u00adje Sto\u00adwa\u00adrzy\u00adsze\u00adnia na zewn\u0105trz.<br>\n2. Zarz\u0105d sk\u0142a\u00adda si\u0119 z&nbsp;3 do 9&nbsp;os\u00f3b w&nbsp;tym pre\u00adze\u00adsa, wice\u00adpre\u00adze\u00adsa, skarb\u00adni\u00adka i&nbsp;sekretarza.<br>\n3. Posie\u00addze\u00adnia Zarz\u0105\u00addu odby\u00adwa\u00adj\u0105 si\u0119 w&nbsp;mia\u00adr\u0119 potrzeb, nie rza\u00addziej jed\u00adnak ni\u017c raz na dwa mie\u00adsi\u0105\u00adce. Posie\u00addze\u00adnia Zarz\u0105\u00addu zwo\u00ad\u0142u\u00adje prezes.<\/p>\n<p style=\"text-align: center;\"><strong>\u00a725<\/strong><\/p>\n<p style=\"text-align: center;\">Do kom\u00adpe\u00adten\u00adcji Zarz\u0105\u00addu nale\u017c\u0105:<br>\na) reali\u00adza\u00adcja cel\u00f3w Stowarzyszenia,<br>\nb) wyko\u00adny\u00adwa\u00adnie uchwa\u0142 Wal\u00adne\u00adgo Zgro\u00adma\u00addze\u00adnia Cz\u0142onk\u00f3w,<br>\nc) spo\u00adrz\u0105\u00addza\u00adnie pla\u00adn\u00f3w pra\u00adcy i&nbsp;bud\u017cetu,<br>\nd) spra\u00adwo\u00adwa\u00adnie zarz\u0105\u00addu nad maj\u0105t\u00adkiem Stowarzyszenia,<br>\ne) podej\u00admo\u00adwa\u00adnie uchwa\u0142 o&nbsp;naby\u00adwa\u00adniu, zby\u00adwa\u00adniu lub obci\u0105\u00ad\u017ca\u00adniu maj\u0105t\u00adku Stowarzyszenia,<br>\nf) repre\u00adzen\u00adto\u00adwa\u00adnie Sto\u00adwa\u00adrzy\u00adsze\u00adnia na zewn\u0105trz,<br>\ng) zwo\u00ad\u0142y\u00adwa\u00adnie Wal\u00adne\u00adgo Zgro\u00adma\u00addze\u00adnia Cz\u0142onk\u00f3w,<br>\nh) przyj\u00admo\u00adwa\u00adnie i&nbsp;skre\u00ad\u015bla\u00adnie cz\u0142onk\u00f3w.<\/p>\n<p style=\"text-align: center;\"><strong>\u00a726<\/strong><\/p>\n<p style=\"text-align: center;\">Do reali\u00adza\u00adcji cel\u00f3w Sta\u00adtu\u00adto\u00adwych Sto\u00adwa\u00adrzy\u00adsze\u00adnie mo\u017ce powo\u00ad\u0142y\u00adwa\u0107 Komisje.<br>\na) Komi\u00adsja powo\u00ad\u0142y\u00adwa\u00adna jest do wype\u0142\u00adnia\u00adnia okre\u00ad\u015blo\u00adnych zada\u0144, wyni\u00adka\u00adj\u0105\u00adcych z&nbsp;zakre\u00adsu dzia\u00ad\u0142a\u00adnia Stowarzyszenia.<br>\nb) Komi\u00adsja dzia\u00ad\u0142a w&nbsp;opar\u00adciu o&nbsp;regu\u00adla\u00admin pra\u00adcy zatwier\u00addzo\u00adny przez Zarz\u0105d.<\/p>\n<p style=\"text-align: center;\"><strong>\u00a727<\/strong><\/p>\n<p style=\"text-align: center;\">1. Komi\u00adsja Rewi\u00adzyj\u00adna powo\u00ad\u0142y\u00adwa\u00adna jest do spra\u00adwo\u00adwa\u00adnia kon\u00adtro\u00adli nad dzia\u00ad\u0142al\u00adno\u00ad\u015bci\u0105 Stowarzyszenia.<br>\n2. Komi\u00adsja Rewi\u00adzyj\u00adna sk\u0142a\u00adda si\u0119 z&nbsp;3 do 5&nbsp;os\u00f3b w&nbsp;tym prze\u00adwod\u00adni\u00adcz\u0105\u00adce\u00adgo, zast\u0119p\u00adcy oraz sekretarza.<\/p>\n<p style=\"text-align: center;\"><strong>\u00a728<\/strong><\/p>\n<p style=\"text-align: center;\">Do kom\u00adpe\u00adten\u00adcji Komi\u00adsji Rewi\u00adzyj\u00adnej nale\u017cy:<br>\na) kon\u00adtro\u00adlo\u00adwa\u00adnie dzia\u00ad\u0142al\u00adno\u00ad\u015bci Zarz\u0105du,<br>\nb) sk\u0142a\u00adda\u00adnie wnio\u00adsk\u00f3w z&nbsp;kon\u00adtro\u00adli na Wal\u00adnym Zgro\u00adma\u00addze\u00adniu Cz\u0142onk\u00f3w,<br>\nc) pra\u00adwo wyst\u0105\u00adpie\u00adnia z&nbsp;wnio\u00adskiem o&nbsp;zwo\u00ad\u0142a\u00adnie Wal\u00adne\u00adgo Zgro\u00adma\u00addze\u00adnia Cz\u0142on\u00adk\u00f3w oraz zebra\u00adnia Zarz\u0105du,<br>\nd) sk\u0142a\u00adda\u00adnie wnio\u00adsk\u00f3w o&nbsp;abso\u00adlu\u00adto\u00adrium dla w\u0142adz Stowarzyszenia,<br>\ne) sk\u0142a\u00adda\u00adnie spra\u00adwoz\u00adda\u0144 ze swo\u00adjej dzia\u00ad\u0142al\u00adno\u00ad\u015bci na Wal\u00adnym Zgro\u00adma\u00addze\u00adniu Cz\u0142onk\u00f3w.<\/p>\n<p style=\"text-align: center;\"><strong>\u00a728\u2019<\/strong><\/p>\n<p style=\"text-align: center;\">1. Man\u00addat Cz\u0142on\u00adka Zarz\u0105\u00addu i&nbsp;Komi\u00adsji Rewi\u00adzyj\u00adnej wyga\u00adsa przed up\u0142y\u00adwem kaden\u00adcji z&nbsp;powodu:<br>\na) utra\u00adty cz\u0142on\u00adko\u00adstwa w&nbsp;Stowarzyszeniu,<br>\nb) pisem\u00adnej rezygnacji,<br>\nc) odwo\u00ad\u0142a\u00adnia przez wal\u00adne Zgro\u00adma\u00addze\u00adnie Cz\u0142on\u00adk\u00f3w uchwa\u00ad\u0142\u0105 pod\u00adj\u0119\u00adt\u0105 wi\u0119k\u00adszo\u00ad\u015bci\u0105 2\/3 g\u0142os\u00f3w.<br>\n2. W&nbsp;przy\u00adpad\u00adku wyga\u00ad\u015bni\u0119\u00adcia man\u00adda\u00adtu cz\u0142on\u00adka Zarz\u0105\u00addu lub Komi\u00adsji Rewi\u00adzyj\u00adnej przed up\u0142y\u00adwem kaden\u00adcji Wal\u00adne Zgro\u00adma\u00addze\u00adnie Cz\u0142on\u00adk\u00f3w doko\u00adnu\u00adje uzu\u00adpe\u0142\u00adnie\u00adnia sk\u0142a\u00addu na okres do up\u0142y\u00adwu kadencji.<\/p>\n<p style=\"text-align: center;\"><strong>ROZDZIA\u0141 V<\/strong><\/p>\n<p style=\"text-align: center;\"><strong>MAJ\u0104TEK I&nbsp;<span class=\"caps\">FUNDUSZE<\/span><\/strong><\/p>\n<p style=\"text-align: center;\"><strong>\u00a729<\/strong><\/p>\n<p style=\"text-align: center;\">1. Maj\u0105\u00adtek Sto\u00adwa\u00adrzy\u00adsze\u00adnia powstaje:<br>\na) ze sk\u0142a\u00addek cz\u0142onkowskich,<br>\nb) daro\u00adwizn, spad\u00adk\u00f3w, zapis\u00f3w,<br>\nc) dota\u00adcji i&nbsp;ofiar\u00adno\u00ad\u015bci publicznej,<br>\nd) docho\u00add\u00f3w z&nbsp;dzia\u00ad\u0142al\u00adno\u00ad\u015bci w\u0142asnej,<br>\ne) docho\u00add\u00f3w z&nbsp;maj\u0105tku.<br>\n2. Sk\u0142ad\u00adki cz\u0142on\u00adkow\u00adskie powin\u00adny by\u0107 wp\u0142a\u00adca\u00adne do ko\u0144\u00adca pierw\u00adsze\u00adgo kwar\u00adta\u00ad\u0142u ka\u017c\u00adde\u00adgo roku. Nowo przy\u00adj\u0119\u00adci cz\u0142on\u00adko\u00adwie wp\u0142a\u00adca\u00adj\u0105 sk\u0142ad\u00adki wed\u0142ug zasad okre\u00ad\u015blo\u00adnych przez Zarz\u0105d w&nbsp;ci\u0105\u00adgu 30 dni od otrzy\u00adma\u00adnia powia\u00addo\u00admie\u00adnia o&nbsp;przy\u00adj\u0119\u00adciu na cz\u0142on\u00adka Stowarzyszenia.<\/p>\n<p style=\"text-align: center;\"><strong>\u00a730<\/strong><\/p>\n<p style=\"text-align: center;\">1) Do przy\u00adcho\u00add\u00f3w Sto\u00adwa\u00adrzy\u00adsze\u00adnia zali\u00adcza si\u0119 wszel\u00adkie\u00adgo rodza\u00adju daro\u00adwi\u00adzny, w&nbsp;tym \u015brod\u00adk\u00f3w trwa\u00ad\u0142ych oraz wszel\u00adkie\u00adgo rodza\u00adju subwencje.<br>\n2) Dar\u00adczy\u0144\u00adca prze\u00adka\u00adzu\u00adj\u0105\u00adcy daro\u00adwi\u00adzn\u0119 ma pra\u00adwo wska\u00adza\u0107 cel na kt\u00f3\u00adry daro\u00adwi\u00adzna win\u00adna by\u0107 prze\u00adzna\u00adczo\u00adna i&nbsp;jego wska\u00adza\u00adnie b\u0119dzie wi\u0105\u017c\u0105ce.<\/p>\n<p style=\"text-align: center;\"><strong>\u00a731<\/strong><\/p>\n<p style=\"text-align: center;\">Sto\u00adwa\u00adrzy\u00adsze\u00adnie pro\u00adwa\u00addzi gospo\u00addar\u00adk\u0119 finan\u00adso\u00adw\u0105 zgod\u00adnie z&nbsp;obo\u00adwi\u0105\u00adzu\u00adj\u0105\u00adcy\u00admi przepisami.<\/p>\n<p style=\"text-align: center;\"><strong>\u00a732<\/strong><\/p>\n<p style=\"text-align: center;\">1. Decy\u00adzje w&nbsp;spra\u00adwie naby\u00adwa\u00adnia, zby\u00adwa\u00adnia i&nbsp;obci\u0105\u00ad\u017ca\u00adnia maj\u0105t\u00adku Sto\u00adwa\u00adrzy\u00adsze\u00adnia podej\u00admu\u00adje Zarz\u0105d.<br>\n2. Do zawie\u00adra\u00adnia um\u00f3w, udzie\u00adla\u00adnia pe\u0142\u00adno\u00admoc\u00adnic\u00adtwa i&nbsp;sk\u0142a\u00adda\u00adnia innych o\u015bwiad\u00adcze\u0144 woli w&nbsp;szcze\u00adg\u00f3l\u00adno\u00ad\u015bci w&nbsp;spra\u00adwach maj\u0105t\u00adko\u00adwych wyma\u00adga\u00adny jest pod\u00adpis Pre\u00adze\u00adsa Sto\u00adwa\u00adrzy\u00adsze\u00adnia lub pod\u00adpis Wice\u00adpre\u00adze\u00adsa Stowarzyszenia.<\/p>\n<p style=\"text-align: center;\"><strong>ROZDZIA\u0141 <span class=\"caps\">VI<\/span><\/strong><\/p>\n<p style=\"text-align: center;\"><strong><span class=\"caps\">POSTANOWIENIA<\/span> KO\u0143COWE<\/strong><\/p>\n<p style=\"text-align: center;\"><strong>\u00a733<\/strong><\/p>\n<p style=\"text-align: center;\">Sto\u00adwa\u00adrzy\u00adsze\u00adnie mo\u017ce pro\u00adwa\u00addzi\u0107 dzia\u00ad\u0142al\u00adno\u015b\u0107 gospo\u00addar\u00adcz\u0105 wy\u0142\u0105cz\u00adnie w&nbsp;roz\u00admia\u00adrach s\u0142u\u00ad\u017c\u0105\u00adcych reali\u00adza\u00adcji cel\u00f3w statutowych.<\/p>\n<p style=\"text-align: center;\"><strong>\u00a734<\/strong><\/p>\n<p style=\"text-align: center;\">Ca\u0142y doch\u00f3d Sto\u00adwa\u00adrzy\u00adsze\u00adnia prze\u00adzna\u00adczo\u00adny jest na dzia\u00ad\u0142al\u00adno\u015b\u0107 sta\u00adtu\u00adto\u00adw\u0105 okre\u00ad\u015blo\u00adn\u0105 w&nbsp;Roz\u00addzia\u00adle <span class=\"caps\">II<\/span> statutu.<\/p>\n<p style=\"text-align: center;\"><strong>\u00a735<\/strong><\/p>\n<p style=\"text-align: center;\">Zabra\u00adnia&nbsp;si\u0119:<br>\n1) Udzie\u00adla\u00adnia po\u017cy\u00adczek lub zabez\u00adpie\u00adcze\u00adnia zobo\u00adwi\u0105\u00adza\u0144 maj\u0105t\u00adkiem sto\u00adwa\u00adrzy\u00adsze\u00adnia w&nbsp;sto\u00adsun\u00adku do jego cz\u0142on\u00adk\u00f3w, w&nbsp;tym cz\u0142on\u00adk\u00f3w jego orga\u00adn\u00f3w, pra\u00adcow\u00adni\u00adk\u00f3w lub os\u00f3b, z&nbsp;kt\u00f3\u00adry\u00admi pra\u00adcow\u00adni\u00adcy pozo\u00adsta\u00adj\u0105 w&nbsp;zwi\u0105z\u00adku ma\u0142\u00ad\u017ce\u0144\u00adskim, sto\u00adsun\u00adku pokre\u00adwie\u0144\u00adstwa, powi\u00adno\u00adwac\u00adtwa w&nbsp;linii pro\u00adstej, pokre\u00adwie\u0144\u00adstwa b\u0105d\u017a powi\u00adno\u00adwac\u00adtwa w&nbsp;linii bocz\u00adnej do dru\u00adgie\u00adgo stop\u00adnia albo s\u0105 zwi\u0105\u00adza\u00adni z&nbsp;tytu\u00ad\u0142u przy\u00adspo\u00adso\u00adbie\u00adnia, opie\u00adki lub kura\u00adte\u00adli, zwa\u00adnych dalej oso\u00adba\u00admi bliskimi.<br>\n2) Prze\u00adka\u00adzy\u00adwa\u00adnia maj\u0105t\u00adku sto\u00adwa\u00adrzy\u00adsze\u00adnia na rzecz jego cz\u0142on\u00adk\u00f3w, w&nbsp;tym cz\u0142on\u00adk\u00f3w jego orga\u00adn\u00f3w, pra\u00adcow\u00adni\u00adk\u00f3w oraz ich os\u00f3b bli\u00adskich, na zasa\u00addach innych ni\u017c w&nbsp;sto\u00adsun\u00adku do os\u00f3b trze\u00adcich, w&nbsp;szcze\u00adg\u00f3l\u00adno\u00ad\u015bci, je\u017ce\u00adli prze\u00adka\u00adza\u00adnie to nast\u0119\u00adpu\u00adje bez\u00adp\u0142at\u00adnie lub na pre\u00adfe\u00adren\u00adcyj\u00adnych warunkach.<br>\n3) Wyko\u00adrzy\u00adsty\u00adwa\u00adnie maj\u0105t\u00adku sto\u00adwa\u00adrzy\u00adsze\u00adnia na rzecz cz\u0142on\u00adk\u00f3w, w&nbsp;tym cz\u0142on\u00adk\u00f3w jego orga\u00adn\u00f3w lub pra\u00adcow\u00adni\u00adk\u00f3w oraz ich bli\u00adskich na zasa\u00addach innych ni\u017c w&nbsp;sto\u00adsun\u00adku do os\u00f3b trze\u00adcich, chy\u00adba, \u017ce to wyko\u00adrzy\u00adsta\u00adnie wyni\u00adka bez\u00adpo\u00ad\u015bred\u00adnio ze sta\u00adtu\u00adto\u00adwe\u00adgo celu stowarzyszenia<br>\n4) Zaku\u00adpu na szcze\u00adg\u00f3l\u00adnych zasa\u00addach towa\u00adr\u00f3w lub us\u0142ug od pod\u00admio\u00adt\u00f3w, w&nbsp;kt\u00f3\u00adrych uczest\u00adni\u00adcz\u0105 cz\u0142on\u00adko\u00adwie sto\u00adwa\u00adrzy\u00adsze\u00adnia, cz\u0142on\u00adko\u00adwie jego orga\u00adn\u00f3w, pra\u00adcow\u00adni\u00adcy lub ich oso\u00adby bliskie.<\/p>\n<p style=\"text-align: center;\"><strong>\u00a736<\/strong><\/p>\n<p style=\"text-align: center;\">Uchwa\u00ad\u0142\u0119 w&nbsp;spra\u00adwie zmia\u00adny sta\u00adtu\u00adtu oraz uchwa\u00ad\u0142\u0119 o&nbsp;roz\u00adwi\u0105\u00adza\u00adniu Sto\u00adwa\u00adrzy\u00adsze\u00adnia podej\u00admu\u00adje Wal\u00adne Zgro\u00adma\u00addze\u00adnie Cz\u0142on\u00adk\u00f3w kwa\u00adli\u00adfi\u00adko\u00adwa\u00adn\u0105 wi\u0119k\u00adszo\u00ad\u015bci\u0105 g\u0142o\u00ads\u00f3w \u2013 (2\u00f73), przy obec\u00adno\u00ad\u015bci co naj\u00admniej po\u0142o\u00adwy upraw\u00adnio\u00adnych do g\u0142osowania.<\/p>\n<p style=\"text-align: center;\"><strong>\u00a737<\/strong><\/p>\n<p style=\"text-align: center;\">Podej\u00admu\u00adj\u0105c uchwa\u00ad\u0142\u0119 o&nbsp;roz\u00adwi\u0105\u00adza\u00adniu Sto\u00adwa\u00adrzy\u00adsze\u00adnia Wal\u00adne Zgro\u00adma\u00addze\u00adnie Cz\u0142on\u00adk\u00f3w okre\u00ad\u015bla spo\u00ads\u00f3b jego likwi\u00adda\u00adcji oraz prze\u00adzna\u00adcze\u00adnie maj\u0105t\u00adku Stowarzyszenia.<\/p>\n<p style=\"text-align: center;\"><strong>\u00a738<\/strong><\/p>\n<p style=\"text-align: center;\">W spra\u00adwach nie ure\u00adgu\u00adlo\u00adwa\u00adnych w&nbsp;niniej\u00adszym sta\u00adtu\u00adcie zasto\u00adso\u00adwa\u00adnie maj\u0105 prze\u00adpi\u00adsy usta\u00adwy Pra\u00adwo o&nbsp;Stowarzyszeniach.<\/p>\n","protected":false},"excerpt":{"rendered":"<p>Poni\u017c\u00adszy arty\u00adku\u0142 zwie\u00adra pe\u0142\u00adn\u0105 tre\u015b\u0107 obo\u00adwi\u0105\u00adzu\u00adj\u0105\u00adce\u00adgo sta\u00adtu\u00adtu nasze\u00adgo sto\u00adwa\u00adrzy\u00adsze\u00adnia. Ser\u00addecz\u00adnie zapra\u00adsza\u00admy do zapo\u00adzna\u00adnia si\u0119 z&nbsp;nim.<\/p>\n","protected":false},"author":1,"featured_media":0,"comment_status":"closed","ping_status":"closed","sticky":false,"template":"","format":"standard","meta":{"wp_typography_post_enhancements_disabled":false},"categories":[24],"tags":[],"_links":{"self":[{"href":"https:\/\/kicinlen.pl\/index.php?rest_route=\/wp\/v2\/posts\/190"}],"collection":[{"href":"https:\/\/kicinlen.pl\/index.php?rest_route=\/wp\/v2\/posts"}],"about":[{"href":"https:\/\/kicinlen.pl\/index.php?rest_route=\/wp\/v2\/types\/post"}],"author":[{"embeddable":true,"href":"https:\/\/kicinlen.pl\/index.php?rest_route=\/wp\/v2\/users\/1"}],"replies":[{"embeddable":true,"href":"https:\/\/kicinlen.pl\/index.php?rest_route=%2Fwp%2Fv2%2Fcomments&post=190"}],"version-history":[{"count":7,"href":"https:\/\/kicinlen.pl\/index.php?rest_route=\/wp\/v2\/posts\/190\/revisions"}],"predecessor-version":[{"id":1209,"href":"https:\/\/kicinlen.pl\/index.php?rest_route=\/wp\/v2\/posts\/190\/revisions\/1209"}],"wp:attachment":[{"href":"https:\/\/kicinlen.pl\/index.php?rest_route=%2Fwp%2Fv2%2Fmedia&parent=190"}],"wp:term":[{"taxonomy":"category","embeddable":true,"href":"https:\/\/kicinlen.pl\/index.php?rest_route=%2Fwp%2Fv2%2Fcategories&post=190"},{"taxonomy":"post_tag","embeddable":true,"href":"https:\/\/kicinlen.pl\/index.php?rest_route=%2Fwp%2Fv2%2Ftags&post=190"}],"curies":[{"name":"wp","href":"https:\/\/api.w.org\/{rel}","templated":true}]}}