{"id":192,"date":"2013-07-12T11:55:21","date_gmt":"2013-07-12T09:55:21","guid":{"rendered":"http:\/\/kicinlen.pl\/?p=192"},"modified":"2014-09-09T17:37:41","modified_gmt":"2014-09-09T15:37:41","slug":"wakacyjna-przygoda","status":"publish","type":"post","link":"https:\/\/kicinlen.pl\/?p=192","title":{"rendered":"Wakacyjna przygoda"},"content":{"rendered":"<p style=\"text-align: left;\">Sto\u00adwa\u00adrzy\u00adsze\u00adnie Na Rzecz Zr\u00f3w\u00adno\u00adwa\u00ad\u017co\u00adne\u00adgo Roz\u00adwo\u00adju Kici\u00adna i&nbsp;Oko\u00adlic \u201e<span class=\"caps\">LEN<\/span>\u201d zapra\u00adsza Dzie\u00adci z&nbsp;gmi\u00adny Czer\u00adwo\u00adnak na let\u00adnie p\u00f3\u0142\u00adko\u00adlo\u00adnie pod has\u0142em: \u201e<span class=\"caps\">WAKACYJNA<\/span> <span class=\"caps\">PRZYGODA<\/span>\u201d.<\/p>\n<p style=\"text-align: left;\"><!--more--><\/p>\n<p style=\"text-align: center;\">P\u00f3\u0142\u00adko\u00adlo\u00adnie dla 35 dzieci:<\/p>\n<p style=\"text-align: center;\">- miesz\u00adka\u00adj\u0105\u00adcych na tere\u00adnie gmi\u00adny Czerwonak,<\/p>\n<p style=\"text-align: center;\">- w&nbsp;wie\u00adku szkol\u00adnym (I- <span class=\"caps\">VI<\/span> kla\u00adsa szko\u00ad\u0142y podstawowej)<\/p>\n<p style=\"text-align: center;\">Pro\u00adgram p\u00f3\u0142kolonii:<\/p>\n<p style=\"text-align: center;\">- wyjazd do Par\u00adku Dino\u00adzau\u00adr\u00f3w w&nbsp;Rogo\u00adwie i&nbsp;kate\u00addry w&nbsp;Gnie\u017anie,<\/p>\n<p style=\"text-align: center;\">- wyjazd na Ostr\u00f3w Led\u00adnic\u00adki i&nbsp;do skan\u00adse\u00adnu w&nbsp;Dziekanowicach,<\/p>\n<p style=\"text-align: center;\">- zaj\u0119\u00adcia w&nbsp;gospo\u00addar\u00adstwie agro\u00adtu\u00adry\u00adstycz\u00adnym w&nbsp;Tra\u00adper\u00adskiej Osa\u00addzie w&nbsp;Bolech\u00f3wku,<\/p>\n<p style=\"text-align: center;\">- zaj\u0119\u00adcia spor\u00adto\u00adwe na Bow\u00adlin\u00adgu i&nbsp;w Par\u00adku Lino\u00adwym na Malcie,<\/p>\n<p style=\"text-align: center;\">- zaba\u00adwa w&nbsp;par\u00adku Orien\u00adta\u00adcji Prze\u00adstrzen\u00adnej w&nbsp;Owi\u0144skach,<\/p>\n<p style=\"text-align: center;\">- zaj\u0119\u00adcia na base\u00adnie w&nbsp;Kozieg\u0142owach,<\/p>\n<p style=\"text-align: center;\">Ter\u00admin: 19.08.2013- 23.08.2013<\/p>\n<p style=\"text-align: center;\">Odp\u0142at\u00adno\u015b\u0107: 50 z\u0142\/ 1&nbsp;dziecko<\/p>\n<p style=\"text-align: center;\">Zapi\u00adsy przyj\u00admu\u00adje\u00admy pod adre\u00adsem mailo\u00adwym hklimecka@onet.eu b\u0105d\u017a pod nr tel. 608 206&nbsp;909.<\/p>\n<p style=\"text-align: center;\">P\u00f3\u0142\u00adko\u00adlo\u00adnie s\u0105 wsp\u00f3\u0142\u00adfi\u00adnan\u00adso\u00adwa\u00adne ze \u015brod\u00adk\u00f3w otrzy\u00adma\u00adnych z&nbsp;bud\u017ce\u00adtu gmi\u00adny Czerwonak.<\/p>\n<p style=\"text-align: center;\"><img loading=\"lazy\" class=\"aligncenter size-full wp-image-719\" src=\"http:\/\/kicinlen.pl\/wp-content\/uploads\/2013\/07\/kolonie.png\" alt=\"Wakacyjna Przygoda\" width=\"500\" height=\"680\" srcset=\"https:\/\/kicinlen.pl\/wp-content\/uploads\/2013\/07\/kolonie.png 500w, https:\/\/kicinlen.pl\/wp-content\/uploads\/2013\/07\/kolonie-220x300.png 220w\" sizes=\"(max-width: 500px) 100vw, 500px\"><\/p>\n<p style=\"text-align: center;\">\n<\/p>","protected":false},"excerpt":{"rendered":"<p>Sto\u00adwa\u00adrzy\u00adsze\u00adnie Na Rzecz Zr\u00f3w\u00adno\u00adwa\u00ad\u017co\u00adne\u00adgo Roz\u00adwo\u00adju Kici\u00adna i&nbsp;Oko\u00adlic \u201e<span class=\"caps\">LEN<\/span>\u201d zapra\u00adsza Dzie\u00adci z&nbsp;gmi\u00adny Czer\u00adwo\u00adnak na let\u00adnie p\u00f3\u0142\u00adko\u00adlo\u00adnie pod has\u0142em: \u201e<span class=\"caps\">WAKACYJNA<\/span> <span class=\"caps\">PRZYGODA<\/span>\u201d.<\/p>\n","protected":false},"author":1,"featured_media":0,"comment_status":"closed","ping_status":"closed","sticky":false,"template":"","format":"standard","meta":{"wp_typography_post_enhancements_disabled":false},"categories":[25],"tags":[],"_links":{"self":[{"href":"https:\/\/kicinlen.pl\/index.php?rest_route=\/wp\/v2\/posts\/192"}],"collection":[{"href":"https:\/\/kicinlen.pl\/index.php?rest_route=\/wp\/v2\/posts"}],"about":[{"href":"https:\/\/kicinlen.pl\/index.php?rest_route=\/wp\/v2\/types\/post"}],"author":[{"embeddable":true,"href":"https:\/\/kicinlen.pl\/index.php?rest_route=\/wp\/v2\/users\/1"}],"replies":[{"embeddable":true,"href":"https:\/\/kicinlen.pl\/index.php?rest_route=%2Fwp%2Fv2%2Fcomments&post=192"}],"version-history":[{"count":5,"href":"https:\/\/kicinlen.pl\/index.php?rest_route=\/wp\/v2\/posts\/192\/revisions"}],"predecessor-version":[{"id":720,"href":"https:\/\/kicinlen.pl\/index.php?rest_route=\/wp\/v2\/posts\/192\/revisions\/720"}],"wp:attachment":[{"href":"https:\/\/kicinlen.pl\/index.php?rest_route=%2Fwp%2Fv2%2Fmedia&parent=192"}],"wp:term":[{"taxonomy":"category","embeddable":true,"href":"https:\/\/kicinlen.pl\/index.php?rest_route=%2Fwp%2Fv2%2Fcategories&post=192"},{"taxonomy":"post_tag","embeddable":true,"href":"https:\/\/kicinlen.pl\/index.php?rest_route=%2Fwp%2Fv2%2Ftags&post=192"}],"curies":[{"name":"wp","href":"https:\/\/api.w.org\/{rel}","templated":true}]}}