{"id":963,"date":"2016-07-06T21:13:19","date_gmt":"2016-07-06T19:13:19","guid":{"rendered":"http:\/\/kicinlen.pl\/?p=963"},"modified":"2016-07-12T23:31:08","modified_gmt":"2016-07-12T21:31:08","slug":"zegnamy-cie-panie-stasiu","status":"publish","type":"post","link":"https:\/\/kicinlen.pl\/?p=963","title":{"rendered":"\u017begnamy Ci\u0119, Panie Stasiu! 6&nbsp;lipca 2016&nbsp;r."},"content":{"rendered":"<p><a href=\"http:\/\/kicinlen.pl\/wp-content\/uploads\/2016\/07\/PAN-STANISLAW.jpg\"><img loading=\"lazy\" class=\"wp-image-964  alignleft\" src=\"http:\/\/kicinlen.pl\/wp-content\/uploads\/2016\/07\/PAN-STANISLAW.jpg\" alt=\"PAN STANISLAW\" width=\"146\" height=\"244\"><\/a><\/p>\n<p style=\"text-align: center;\">\n<\/p><p style=\"text-align: center;\"><strong>Sta\u00adni\u00ads\u0142aw Nowak&nbsp;\u017cy\u0142 79&nbsp;lat<\/strong><\/p>\n<p>W nie\u00adzmier\u00adnym \u017calu roz\u00adsta\u00adje\u00admy si\u0119 tu, na zie\u00admi, z&nbsp;naszym kocha\u00adnym panem Sta\u00adni\u00ads\u0142a\u00adwem Nowa\u00adkiem, ksi\u0119\u00adgo\u00adwym Sto\u00adwa\u00adrzy\u00adsze\u00adnia, cz\u0142on\u00adkiem zarz\u0105\u00addu, a&nbsp;przed wszyst\u00adkim WSPANIA\u0141YM, <span class=\"caps\">DOBRYM<\/span> CZ\u0141OWIEKIEM, o&nbsp;ogrom\u00adnej cier\u00adpli\u00adwo\u00ad\u015bci i&nbsp;wyrozumia\u0142o\u015bci.<\/p>\n<p>Niech dobry B\u00f3g oto\u00adczy Ci\u0119, dro\u00adgi Przy\u00adja\u00adcie\u00adlu, swo\u00adj\u0105 wiecz\u00adn\u0105 mi\u0142o\u00ad\u015bci\u0105, a&nbsp;Mat\u00adka Bo\u017ca przy\u00adtu\u00adli na&nbsp;wieki.<\/p>\n<p>&nbsp;<\/p>\n<p><strong>Uro\u00adczy\u00adsto\u00ad\u015bci po\u017ce\u00adgna\u00adnia roz\u00adpocz\u00adn\u0105 si\u0119 Msz\u0105 \u015awi\u0119\u00adt\u0105 w&nbsp;ko\u015bcie\u00adle pw. \u015bw. J\u00f3ze\u00adfa w&nbsp;Kici\u00adnie we wto\u00adrek 12 lip\u00adca 2016 r. o&nbsp;g. 10.00, a&nbsp;pogrzeb b\u0119dzie mia\u0142 miej\u00adsce o&nbsp;g. 12.00 na cmen\u00adta\u00adrzu na Mi\u0142o\u00adsto\u00adwie (od ul. Gnie\u017anie\u0144skiej).<\/strong><\/p>\n<p style=\"text-align: center;\">Requ\u00adie\u00adscat in&nbsp;pace.<\/p>\n","protected":false},"excerpt":{"rendered":"<p>Sta\u00adni\u00ads\u0142aw Nowak&nbsp;\u017cy\u0142 79&nbsp;lat W&nbsp;nie\u00adzmier\u00adnym \u017calu roz\u00adsta\u00adje\u00admy si\u0119 tu, na zie\u00admi, z&nbsp;naszym kocha\u00adnym panem Sta\u00adni\u00ads\u0142a\u00adwem Nowa\u00adkiem, ksi\u0119\u00adgo\u00adwym Sto\u00adwa\u00adrzy\u00adsze\u00adnia, cz\u0142on\u00adkiem zarz\u0105\u00addu, a&nbsp;przed wszyst\u00adkim WSPANIA\u0141YM, <span class=\"caps\">DOBRYM<\/span> CZ\u0141OWIEKIEM, o&nbsp;ogrom\u00adnej cier\u00adpli\u00adwo\u00ad\u015bci i&nbsp;wyro\u00adzu\u00admia\u00ad\u0142o\u00ad\u015bci. Niech dobry B\u00f3g oto\u00adczy Ci\u0119, dro\u00adgi Przy\u00adja\u00adcie\u00adlu, swo\u00adj\u0105 wiecz\u00adn\u0105 mi\u0142o\u00ad\u015bci\u0105, a&nbsp;Mat\u00adka Bo\u017ca przy\u00adtu\u00adli na&nbsp;wie\u00adki. &nbsp; Uro\u00adczy\u00adsto\u00ad\u015bci po\u017ce\u00adgna\u00adnia roz\u00adpocz\u00adn\u0105 si\u0119 Msz\u0105 \u015awi\u0119\u00adt\u0105 w&nbsp;ko\u015bcie\u00adle pw. \u015bw. J\u00f3ze\u00adfa w&nbsp;Kici\u00adnie&nbsp;we&nbsp;[\u2026]<\/p>\n","protected":false},"author":2,"featured_media":0,"comment_status":"closed","ping_status":"closed","sticky":false,"template":"","format":"standard","meta":{"wp_typography_post_enhancements_disabled":false},"categories":[25],"tags":[],"_links":{"self":[{"href":"https:\/\/kicinlen.pl\/index.php?rest_route=\/wp\/v2\/posts\/963"}],"collection":[{"href":"https:\/\/kicinlen.pl\/index.php?rest_route=\/wp\/v2\/posts"}],"about":[{"href":"https:\/\/kicinlen.pl\/index.php?rest_route=\/wp\/v2\/types\/post"}],"author":[{"embeddable":true,"href":"https:\/\/kicinlen.pl\/index.php?rest_route=\/wp\/v2\/users\/2"}],"replies":[{"embeddable":true,"href":"https:\/\/kicinlen.pl\/index.php?rest_route=%2Fwp%2Fv2%2Fcomments&post=963"}],"version-history":[{"count":11,"href":"https:\/\/kicinlen.pl\/index.php?rest_route=\/wp\/v2\/posts\/963\/revisions"}],"predecessor-version":[{"id":976,"href":"https:\/\/kicinlen.pl\/index.php?rest_route=\/wp\/v2\/posts\/963\/revisions\/976"}],"wp:attachment":[{"href":"https:\/\/kicinlen.pl\/index.php?rest_route=%2Fwp%2Fv2%2Fmedia&parent=963"}],"wp:term":[{"taxonomy":"category","embeddable":true,"href":"https:\/\/kicinlen.pl\/index.php?rest_route=%2Fwp%2Fv2%2Fcategories&post=963"},{"taxonomy":"post_tag","embeddable":true,"href":"https:\/\/kicinlen.pl\/index.php?rest_route=%2Fwp%2Fv2%2Ftags&post=963"}],"curies":[{"name":"wp","href":"https:\/\/api.w.org\/{rel}","templated":true}]}}